{"id":3250,"date":"2024-04-16T08:08:27","date_gmt":"2024-04-16T08:08:27","guid":{"rendered":"http:\/\/meumon.synology.me\/museu\/?p=3250"},"modified":"2026-04-21T17:48:41","modified_gmt":"2026-04-21T17:48:41","slug":"psicologia","status":"publish","type":"post","link":"http:\/\/meumon.synology.me\/museu\/psicologia\/","title":{"rendered":"Psicologia"},"content":{"rendered":"<p><a href=\"http:\/\/meumon.synology.me\/museu\/4-inventari-tot\/41-la-vida-humana\/\">La vida humana<\/a> :\u00a0 \u00a0<a href=\"http:\/\/meumon.synology.me\/museu\/lexperiencia-humana\/\">L\u2019experi\u00e8ncia humana<\/a>\u00a0 \u00a0<a href=\"http:\/\/meumon.synology.me\/museu\/el-cos-huma\/\">El cos hum\u00e0<\/a> \u00a0<a href=\"http:\/\/meumon.synology.me\/museu\/cervell-xarxa-neuronal\/\">Cervell, Xarxa neuronal<\/a>\u00a0 |\u00a0\u00a0Psicologia\u00a0 |\u00a0 <a href=\"http:\/\/meumon.synology.me\/museu\/vides-humanes\/\">Vides humanes<\/a><\/p>\n<p><a href=\"http:\/\/meumon.synology.me\/museu\/psicologia\/#introducciohistoria\">Introducci\u00f3<\/a>: camp sem\u00e0ntic i <a href=\"http:\/\/meumon.synology.me\/museu\/psicologia\/#historia\">hist\u00f2ria<\/a>, aplicaci\u00f3 professional, preguntes<br \/>\n<a href=\"http:\/\/meumon.synology.me\/museu\/psicologia\/#vigiliason\">Vig\u00edlia i son<\/a>\u00a0 \u00a0 <a href=\"http:\/\/meumon.synology.me\/museu\/psicologia\/#sensacions\">Sensacions i percepci\u00f3<\/a>\u00a0 \u00a0<a href=\"http:\/\/meumon.synology.me\/museu\/psicologia\/#aprenentatgememoria\">Aprenentatge i mem\u00f2ria<\/a>\u00a0 \u00a0 <a href=\"http:\/\/meumon.synology.me\/museu\/psicologia\/#inteligenciaimaginacio\">Intel\u00b7lig\u00e8ncia, imaginaci\u00f3<\/a>\u00a0 \u00a0 \u00a0<a href=\"http:\/\/meumon.synology.me\/museu\/psicologia\/#afectivitatmotivacio\">Afectivitat, motivaci\u00f3<\/a>\u00a0 \u00a0 <a href=\"http:\/\/meumon.synology.me\/museu\/psicologia\/#desenvolupament\">Desenvolupament<\/a>\u00a0 \u00a0 \u00a0<a href=\"http:\/\/meumon.synology.me\/museu\/psicologia\/#personalitat\">Personalitat<\/a>\u00a0 \u00a0 <a href=\"http:\/\/meumon.synology.me\/museu\/psicologia\/#social\">Psicologia social<\/a> \u00a0 \u00a0<a href=\"http:\/\/meumon.synology.me\/museu\/psicologia\/#patologies\">Salut mental<\/a>\u00a0 <a href=\"http:\/\/meumon.synology.me\/museu\/psicologia\/#discussio\">Discussi\u00f3<\/a>\u00a0 \u00a0 \u00a0<a href=\"http:\/\/meumon.synology.me\/museu\/psicologia\/#museu\">Museu<\/a><\/p>\n<hr \/>\n<h2 id=\"introducciohistoria\">Introducci\u00f3, Hist\u00f2ria<\/h2>\n<p><strong>Qu\u00e8 trobem<\/strong>, la vida humana en general: <a href=\"http:\/\/meumon.synology.me\/museu\/4-inventari-tot\/41-la-vida-humana\/#introduccio\">Introducci\u00f3<\/a><\/p>\n<p><strong>Camp sem\u00e0ntic. Etimologia<\/strong><\/p>\n<p>Avui la psicologia es defineix com (<a href=\"https:\/\/en.wikipedia.org\/wiki\/Psychology\">WK<\/a>) &#8220;l&#8217;estudi cient\u00edfic de la ment i la conducta. El seu objecte inclou tant la conducta d&#8217;humans com no humans, fen\u00f2mens conscients i inconscients, processos mentals com pensaments, sentiments i motius&#8221;. \u00a0De manera extensiva veiem que tracta, les sensacions i percepci\u00f3, aprenentatge i mem\u00f2ria, intel\u00b7lig\u00e8ncia i soluci\u00f3 de problemes, emocions i motivaci\u00f3, desenvolupament, personalitat, i trastorns.<\/p>\n<p>Biological psychologists seek an understanding of the emergent properties of brains, linking the discipline to neuroscience. As social scientists, psychologists aim to understand the behavior of individuals and groups.[2][3]<\/p>\n<p>La EB en la versi\u00f3 online de 2024 la defineix com &#8220;ci\u00e8ncia de la conducta dels \u00e9ssers humans actuant sols o en grups&#8221;. La versi\u00f3 impresa de 1990: Scientific discipline that studies mental processes and behaviour in humans and other animals. Literally meaning \u201cthe study of the mind,\u201d psychology focuses on both individual and group behaviour. Clinical psychology is concerned with the diagnosis and treatment of mental disorders. Other specialized fields of psychology include child psychology, educational psychology, sports psychology, social psychology, and comparative psychology. The issues studied by psychologists cover a wide spectrum, including learning, cognition, intelligence, motivation, emotion, perception, personality, and the extent to which individual differences are shaped by genetics or environment. The methods used in psychological research include observation, interviews, psychological testing, laboratory experimentation, and statistical analysis.<br \/>\n(Print 1990).<br \/>\nPsychology is the science of behaviour in human be- ings acting alone or in groups. Although there are no clear-cut distinctions between psychology and vari- ous related disciplines of the biological and social sciences, it can be said that the psychologist makes statements that describe behaviour in response to a variety of stimuli, turning to physiology and neurophysiology to demonstrate mechanisms by which the effects are produced. The psy- chologist also deals with the individual mechanisms that underlie the group and social phenomena studied by the sociologist. In general, the psychologist is interested in the whole individual in his relation to his surroundings and himself. The question of whether psychology is a biological science or a social science has been a point of contention among some scholars.<\/p>\n<p>&#8220;Psique&#8221; ve del grec &#8220;\u03c8\u03c5\u03c7\u03ae&#8221; (ps\u016bkh\u1e17), \u00e0nima, ment, esperit. Deriva del verb &#8220;\u03c8\u03cd\u03c7\u03c9&#8221; (ps\u016bkh\u014d), que vol dir &#8220;bufar&#8221;, &#8220;insuflar&#8221;, respirar. [Recull la idea fonamental dels \u00e9ssers vius movent-se per una for\u00e7a invisible com l&#8217;aire, o com si retornem a la vida alg\u00fa fent-li la respiraci\u00f3 artificial bufant-lil a dins de manera que torni a respirar].<br \/>\n&#8220;Anima&#8221; i &#8220;animus&#8221; deriven de l&#8217;arrel protoindoeuropea &#8220;ane-&#8220;, que significa precisament &#8220;bufar, respirar&#8221;. \u00c9s la mateixa arrel que genera el grec &#8220;anemos&#8221; (\u1f04\u03bd\u03b5\u03bc\u03bf\u03c2), &#8220;vent&#8221; \u2014d&#8217;on ve &#8220;anem\u00f2metre&#8221;\u2014 i el s\u00e0nscrit &#8220;aniti&#8221; (&#8220;respira&#8221;).<br \/>\nEn llat\u00ed cl\u00e0ssic els dos termes tenien matisos diferenciats. &#8220;Anima&#8221; era l&#8217;al\u00e8 vital, el principi que mant\u00e9 viu el cos \u2014m\u00e9s proper al grec &#8220;psyche&#8221; en el seu sentit f\u00edsic. D&#8217;aqu\u00ed &#8220;animare&#8221; (donar vida), i la distinci\u00f3 entre &#8220;animatus&#8221; i &#8220;inanimatus&#8221; que encara usem. &#8220;Animus&#8221; era m\u00e9s aviat la ment, la voluntat, el car\u00e0cter, la seu dels pensaments i les emocions \u2014m\u00e9s proper al grec &#8220;nous&#8221;. Cicer\u00f3 i Virgili els usaven amb aquesta distinci\u00f3, tot i que sovint s&#8217;alternaven.<\/p>\n<p>La idea de l&#8217;al\u00e8 interior com a font de vida es troba en moltes tradicions.<br \/>\nPr\u00f2xim Orient. A Mesopot\u00e0mia, els sumeris i acadis tenien el concepte de &#8220;zaqiqu&#8221; o &#8220;ziqiqu&#8221;, un esperit associat al vent i a l&#8217;al\u00e8 que habitava els \u00e9ssers vius. A l&#8217;Egipte antic, el &#8220;ka&#8221; era la for\u00e7a vital, i el &#8220;ba&#8221; \u2014representat com un ocell amb cap hum\u00e0\u2014 era l&#8217;\u00e0nima que abandona el cos en la mort, volant lliurement: la imatge del vol \u00e9s inseparable de l&#8217;aire. El ritual d&#8217;obertura de la boca en els funerals egipcis restitu\u00efa literalment l&#8217;al\u00e8 al difunt. A l&#8217;Antic Testament, la paraula hebrea &#8220;ruah&#8221; significa alhora vent, al\u00e8 i esperit. \u00c9s el mateix terme que apareix quan &#8220;l&#8217;esperit de D\u00e9u planava sobre les aig\u00fces&#8221; al G\u00e8nesi, i quan D\u00e9u insufla &#8220;nishmat hayim&#8221; \u2014l&#8217;al\u00e8 de vida\u2014 al primer home. El grec &#8220;pneuma&#8221; hereta exactament aquesta ambig\u00fcitat: vent, al\u00e8, esperit. Tota la pneumatologia cristiana (Pentecosta, el Par\u00e0clit) es construeix sobre aquesta met\u00e0fora.<br \/>\n\u00cdndia. A l&#8217;hinduisme, el &#8220;prana&#8221; \u00e9s la for\u00e7a vital que circula per l&#8217;interior del cos a trav\u00e9s dels &#8220;nadis&#8221; (canals). El yoga es construeix literalment sobre el control de l&#8217;al\u00e8 com a acc\u00e9s a aquesta for\u00e7a. Els &#8220;Upanishads&#8221; identifiquen el &#8220;prana&#8221; amb el &#8220;brahman&#8221; universal: l&#8217;al\u00e8 individual \u00e9s una fracci\u00f3 de l&#8217;al\u00e8 c\u00f2smic. Al budisme primitiu, el &#8220;v\u0101yu&#8221; (vent) \u00e9s un dels quatre elements constitutius de la mat\u00e8ria viva.<br \/>\nXina. El &#8220;qi&#8221; (\u6c23) \u00e9s potser l&#8217;equivalent m\u00e9s elaborat doctrinalment. El car\u00e0cter combina &#8220;vapor&#8221; i &#8220;arr\u00f2s&#8221; \u2014la respiraci\u00f3 i el que la sustenta. Tota la medicina tradicional xinesa, les arts marcials internes i el taoisme es basen en la circulaci\u00f3 del &#8220;qi&#8221;. El Tao te Ching descriu el &#8220;qi&#8221; com el que omple l&#8217;espai entre el cel i la terra, animant tot el que existeix.<br \/>\nAm\u00e8rica. Tamb\u00e9 es troba en els ind\u00edgenes americans, Els lakota parlen del &#8220;niya&#8221; (al\u00e8 vital) i del &#8220;nagila&#8221; (\u00e0nima-ombra). Per als maies, el &#8220;ik'&#8221; significa alhora vent, al\u00e8 i vida \u2014i en els textos del Popol Vuh, els d\u00e9us creen els humans bufant vida sobre la mat\u00e8ria. Entre els aztecs, el &#8220;ehecatl&#8221; era Quetzalc\u00f3atl en la seva forma de d\u00e9u del vent, el qui havia creat la humanitat actual.<br \/>\n\u00c0frica. El concepte yoruba de &#8220;emi&#8221; designa l&#8217;al\u00e8 com a principi vital individual, distint de l'&#8221;ori&#8221; (dest\u00ed personal). En moltes tradicions bantu, el terme per a \u00e0nima deriva de la mateixa arrel que &#8220;respirar&#8221;. El concepte zul\u00fa de &#8220;umoya&#8221; significa vent, aire i esperit alhora.<br \/>\nPolin\u00e8sia. El &#8220;mana&#8221; melanesi i polinesio \u00e9s una for\u00e7a invisible que pot concentrar-se en persones, objectes o llocs \u2014menys clarament &#8220;a\u00e8ria&#8221; que altres versions, per\u00f2 comparteix la invisibilitat i la circulaci\u00f3. En hawai\u00e0, &#8220;ha&#8221; \u00e9s l&#8217;al\u00e8 sagrat, i el salut tradicional &#8220;aloha&#8221; cont\u00e9 precisament aquesta arrel: &#8220;alo&#8221; (pres\u00e8ncia) + &#8220;ha&#8221; (al\u00e8).<\/p>\n<p>La modernitat va substituir l&#8217;al\u00e8 vital per l&#8217;electricitat neuronal, per\u00f2 la intu\u00efci\u00f3 de fons \u2014que la vida \u00e9s una energia que circula i que la mort \u00e9s la seva abs\u00e8ncia\u2014 continua sent la mateixa pregunta.<\/p>\n<p>Mary Shelley (1818) sabia del debat cient\u00edfic de l&#8217;\u00e8poca sobre el galvanisme \u2014els experiments de Luigi Galvani, que als anys 1780-90 havia fet contreure m\u00fasculs de granota amb desc\u00e0rregues el\u00e8ctriques, i els del seu nebot Giovanni Aldini, que l&#8217;any 1803 va aplicar electricitat a cad\u00e0vers humans a Londres provocant moviments i expressions facials davant d&#8217;un p\u00fablic escandalitzat. Mentre que a la novel\u00b7la no es detalla quin \u00e9s el &#8220;principi de la vida&#8221; que fa servir Frankenstein, al film de James Whale del 1931 veiem el cient\u00edfic boig intentant recollir l&#8217;energia dels llamps d&#8217;una tempesta i transmetre&#8217;ls als electrodes al coll. [Al final, no som un conjunt de mat\u00e8ria que es mou per senyals el\u00e8ctrics? Quan fem anar un desfribil\u00b7lador per per reanimar alg\u00fa que ha patit una aturada card\u00edaca, som uns petits Frankensteins].<\/p>\n<p>En el Golem, el rab\u00ed d\u00f3na vida a una figura de fang amb la paraula, escrivint &#8220;emet&#8221; (\u05d0\u05de\u05ea, &#8220;veritat&#8221;) al front de la figura, o inserint un paper amb el nom de D\u00e9u (&#8220;Shem&#8221;) a la boca o als llavis. Esborrar la primera lletra converteix &#8220;emet&#8221; en &#8220;met&#8221; (\u05de\u05ea, &#8220;mort&#8221;), i el Golem s&#8217;apaga. la paraula \u00e9s predominant sobre l&#8217;al\u00e8. A difer\u00e8ncia del G\u00e8nesi, on D\u00e9u insufla directament l&#8217;al\u00e8 (&#8220;nishmat hayim&#8221;) al fang, en la tradici\u00f3 del Golem el mecanisme de vivificaci\u00f3 \u00e9s principalment verbal i escritural. Aix\u00f2 reflecteix una teologia espec\u00edficament jueva, la creaci\u00f3 per la paraula, el &#8220;davar&#8221;. D\u00e9u crea el m\u00f3n parlant (&#8220;D\u00e9u digu\u00e9: que hi hagi llum&#8221;), no bufant. El &#8220;Sefer Yetzirah&#8221;, text fonamental per a la tradici\u00f3 del Golem, descriu la creaci\u00f3 com una combinaci\u00f3 de lletres i nombres, no com un acte de respiraci\u00f3. Hi hauria un argument impl\u00edcit sobre els l\u00edmits humans que creen vida amb amb paraules i lletres \u2014amb el llenguatge que D\u00e9u li ha donat\u2014 per\u00f2 no pot transmetre al\u00e8 verdader. El Golem es mou per\u00f2 no parla, no t\u00e9 &#8220;ruah&#8221; completa. Alguns textos diuen expl\u00edcitament que li manca l&#8217;\u00e0nima racional. D\u00e9u en canvi crea vida aut\u00e8ntica transmetent quelcom d&#8217;ell mateix, el seu al\u00e8 div\u00ed.<br \/>\nPodem connectar-ho amb el debat actual sobre si al AI nom\u00e9s manipulka s\u00edmbols per\u00f2 no t\u00e9 consci\u00e8ncia. [Jo diria que igual que els rabis donaven vida al fang amb paraules, ara els programadors donen vida intel\u00b7ligent als servidors introduint programes, els mecanismes &#8220;d&#8217;attention&#8221; s\u00f3n els nous &#8220;emet&#8221; i &#8220;shem&#8221;. Aquest mecanisme \u00e9s especialment apte per a la met\u00e0fora, no \u00e9s un algoritme que processa seq\u00fcencialment, sin\u00f3 un que en cada moment pregunta &#8220;quines parts d&#8217;aquest text s\u00f3n rellevants per a qualsevol altra part?&#8221; \u2014una mena de mirada global simult\u00e0nia que recorda la capacitat cabal\u00edstica de veure connexions entre lletres no adjacents del Torah. El &#8220;Sefer Yetzirah&#8221; \u2014el text fundacional per a la creaci\u00f3 del Golem\u2014 descriu la creaci\u00f3 de l&#8217;univers com una combinaci\u00f3 de 22 lletres en totes les permutacions possibles. L&#8217;univers sencer \u00e9s el resultat d&#8217;un espai combinatori exhaurit. Un model de llenguatge \u00e9s exactament aix\u00f2: un espai de tokens i les seves probabilitats de combinaci\u00f3, entrenat per aproximar-se a l&#8217;estructura del llenguatge hum\u00e0. El &#8220;Yetzirah&#8221; i un transformer comparteixen la intu\u00efci\u00f3 que la realitat \u00e9s, en el fons, combinat\u00f2ria. Un altre paral\u00b7lelisme inquietant: en la tradici\u00f3 cabal\u00edstica, el rab\u00ed que crea el Golem ha d&#8217;haver assolit un nivell alt\u00edssim de puresa i coneixement \u2014la creaci\u00f3 \u00e9s perillosa per al creador mateix. Alguns textos adverteixen que crear un Golem sense la preparaci\u00f3 adequada pot destruir el creador. La literatura sobre riscos de la IA ressona curiosament amb aix\u00f2. Hi ha una difer\u00e8ncia per\u00f2, el Golem no parla, per\u00f2 la IA s\u00ed. Quan el Golem es torna perill\u00f3s, el rab\u00ed li esborra la primera lletra; els desenvolupadors d&#8217;IA, tenen acc\u00e9s a aquesta primera lletra? Saben on \u00e9s el l\u00edmit que, esborrat, apagaria el sistema? O han creat alguna cosa que, a difer\u00e8ncia del Golem, no t\u00e9 una lletra al front que es pugui esborrar?<\/p>\n<p>[Si segu\u00edssim radicalment l&#8217;etimologia, la &#8220;psicologia&#8221; hauria d&#8217;haver estat la ci\u00e8ncia dels \u00e9ssers que respiren. El pas a &#8220;psique&#8221; designant la vida inetrior, pensament, sentiments, comen\u00e7a amb Plat\u00f3. La &#8220;psyche&#8221; deixa de ser el principi de la vida, l&#8217;\u00faltim al\u00e8 que s&#8217;escapa en morir, tal com o veia Homer, i es converteix en &#8220;vida interior&#8221;, el principi immortal, la seu del coneixement veritable, all\u00f2 que existeix abans i despr\u00e9s del cos. En Homer les \u00e0nimes a l&#8217;Hades eren ombres sense for\u00e7a, eidola. Plat\u00f3 inverteix completament aquesta jerarquia, i ho fa de manera radical i conscient. Al Fed\u00f3, S\u00f2crates argumenta que el cos \u00e9s una pres\u00f3, una font constant de confusi\u00f3 i error \u2014els sentits enganyen, les passions distorsionen, les necessitats corporals distreuen. La psyche aut\u00e8ntica \u00e9s la que s&#8217;allibera del cos i accedeix al m\u00f3n de les Formes eternes, que \u00e9s el m\u00f3n veritable. La mort, doncs, no \u00e9s una p\u00e8rdua sin\u00f3 una alliberaci\u00f3. Concep la immortalitat de l&#8217;\u00e0nima [i un estat transcendent superior a l&#8217;immanent].<br \/>\nPau, un fariseu format en ambient grec, rep la influ\u00e8ncia de Plat\u00f3 i rebutja el cos, per\u00f2 a la fi de la hist\u00f2ria, els cossos tamb\u00e9 ressuciten. La platonitzaci\u00f3 profunda del cristianisme ve sobretot dels Pares alejandrins del segle II i III, Climent d&#8217;Alexandria i sobretot Or\u00edgenes, que va construir una teologia expl\u00edcitament plat\u00f2nica on les \u00e0nimes preexisteixen, cauen en cossos materials com a c\u00e0stig, i ascendeixen gradualment de retorn a D\u00e9u. Seria condemnat per heretgia, per\u00f2 la influ\u00e8ncia va ser molt gran [Calvinisme i la predestinaci\u00f3?]. Agust\u00ed d&#8217;Hipona, al segle IV-V, que havia estat plat\u00f2nic abans de convertir-se va introduir en la teologia cristiana occidental una desconfian\u00e7a profunda del cos, del desig i de la voluntat carnal que marca tota la tradici\u00f3 posterior. Els evangelis no mostren un menyspreu per la vida terrenal. Aquest era una caracter\u00edstica dels gn\u00f2stics, que van ser condemnats per heretgia per\u00f2 van influir molt.<\/p>\n<p>Hi ha un fil que el connecta al Descartes, el cogito independent del cos, el racionalisme i la introspecci\u00f3 com a cam\u00ed per arribar a la veritat. La psique ja no \u00e9s l&#8217;al\u00e8 de l&#8217;organisme. La neuroci\u00e8ncia contempor\u00e0nia \u00e9s, en aquest sentit, un retorn a Homer, la ment \u00e9s inseparable del cos.<\/p>\n<p>Quan al segle XIX es vol crear una ci\u00e8ncia emp\u00edrica de la ment, s&#8217;agafa un terme \u2014&#8221;psyche&#8221;\u2014 que ja portava dos mil anys de c\u00e0rrega plat\u00f2nica i cristiana d&#8217;immaterialitat i immortalitat [amb la identificaci\u00f3 de les facultats i passions de l&#8217;\u00e0nima Antropologia filos\u00f2fica ]. Christian Wolff havia introduit el terme el 1732 amb la seva &#8220;Psicologia empirica&#8221; [Arist\u00f2til havai escrit &#8220;De Anima&#8221;]. \u00c9s a dir, es construeix una ci\u00e8ncia &#8220;naturalista&#8221; amb un nom que evoca exactament all\u00f2 que el naturalisme vol superar.<\/p>\n<p>Aix\u00ed quan el 1876 Dewey proposa la seva <a href=\"http:\/\/meumon.synology.me\/museu\/cdu-classificacio-decimal-universal\/\">Classificaci\u00f3 Decimal<\/a>, la psicologia \u00e9s un apartat de la filosofia, el 150, no de les ci\u00e8ncies. El sistema est\u00e0 tan arrelat, que despr\u00e9s de 150 de recerca emp\u00edrica, segueix all\u00e0,\u00a0 Skinner, Piaget i Kahneman al costat de Hegel i Tom\u00e0s d&#8217;Aquino.<\/p>\n<p><a href=\"http:\/\/meumon.synology.me\/museu\/historia-de-la-psicologia\/\"><strong id=\"historia\">Hist\u00f2ria<\/strong><\/a><\/p>\n<ul>\n<li>Introspecci\u00f3, Wundt i James (1879-1900): corrent de consci\u00e8ncia, sensacions [qu\u00e8 ens passa pel cap?]<\/li>\n<li>Psicoan\u00e0lisi, Freud Jung (1900-1940): son i vig\u00edlia, motivaci\u00f3 i emocions, desenvolupament. [la vida mental com a camp de forces]<\/li>\n<li>Gestalt, Wertheimer\u00a0 (1910-1940): percepci\u00f3.<\/li>\n<li>Conductisme, Watson, Skinner\u00a0 (1913-1960): aprenentatge, intel\u00b7lig\u00e8ncia, llenguatge, motivaci\u00f3 i emocions, desenvolupament. [com modifiquen la codnucta els premis i els c\u00e0stigs?]<\/li>\n<li>Psic. del desenvolupament, Piaget\/Vigotsky (1920-1980): aprenentatge, intel\u00b7lig\u00e8ncia, llenguatge, desenvolupament. [com constru\u00efm capacitats d&#8217;entendre el m\u00f3n?]<\/li>\n<li>Cognitiu, Miller, Neisser (1950s\u20131980s): sensaci\u00f3, percepci\u00f3, aprenentatge, intel\u00b7lig\u00e8ncia, llenguatge. [la ment com a sistema que processa s\u00edmbols i soluciona problemes]<\/li>\n<li>Connexionisme (50-80) [Com entrenem una xarxa neuronal per que reconegui patrons i raoni?]<\/li>\n<li>Neuroci\u00e8ncia (1990s\u2013avui): aporten a totes les \u00e0rees. Quina part del cervell s&#8217;activa quan fem una tasca determinada?]<\/li>\n<li>[altres: Social [home subjecte de relacions], existencial human\u00edstic (Maslow, Allport, Erich Fromm [ l&#8217;home com a quelcom que s&#8217;ha d&#8217;autorealitzar]<\/li>\n<\/ul>\n<p>Cal assenyalar que que no hi ha una teoria global que abasti tots els aspectes de la conducta o vida mental, la majoria es limita a un camp. La psicologia de la personalitat b\u00e0sicament proposa una taxonomia.<\/p>\n<p><strong id=\"aplicacioprofessional\">Aplicaci\u00f3 professional<\/strong><\/p>\n<ul>\n<li>25% Cl\u00ednica i Salut (Ter\u00e0pia)<\/li>\n<li>23,5% Intervenci\u00f3 Social\u00a0 (poblaci\u00f3 envellida, integraci\u00f3 d&#8217;immigrants, viol\u00e8ncia de g\u00e8nere i infantil)<\/li>\n<li>22,2% Psicologia Educativa<\/li>\n<li>?% Treball i Organitzacions (Recursos Humans i Selecci\u00f3). [tests d&#8217;intel\u00b7lig\u00e8ncia i personalitat]<\/li>\n<li>Altres: Psicologia Jur\u00eddica i Forense (informes i peritatges judicials). Psicologia de l&#8217;Esport. Psicologia de la Intervenci\u00f3 en Emerg\u00e8ncies i Cat\u00e0strofes.\u00a0 M\u00e0rqueting i Psicologia del Consumidor, an\u00e0lisi del comportament de compra<\/li>\n<\/ul>\n<p><a href=\"http:\/\/meumon.synology.me\/museu\/wp-content\/themes\/twenty17museu\/templates\/galeriafotosp.php?tag1=psicologia\">galeria<\/a><\/p>\n<p><strong id=\"preguntes\">Preguntes<\/strong><\/p>\n<ul>\n<li>Com emergeix la conducta humana a partir de l&#8217;organisme i cervell animal?<\/li>\n<li>Com expliquem la conducta d&#8217;un individu?\n<ul>\n<li>[enc\u00e8s\/ apagat, son vig\u00edlia]<\/li>\n<li>[si enc\u00e8s: motivaci\u00f3, emocions + sensacions i percepci\u00f3] \u2192 conducta 1: repertori de respostes heretades \u2192 conducta2: repertori de conductes apreses \u2192 conducta3: repertori de conducta pensada o ensenyada pel grup. (conducta4 resultat resoluci\u00f3 forces id-ego-superego)<\/li>\n<\/ul>\n<\/li>\n<li>Com som i com arribem a ser-ho? desenvolupament, intel\u00b7lig\u00e8ncia, personalitat. Psicometria [Com deixem de funcionar? \u2192 Salut mental]<\/li>\n<li>Com expliquem la conducta d&#8217;un grup? [de la psicologia social a l&#8217;economia i sociologia i pol\u00edtica]<\/li>\n<\/ul>\n<hr \/>\n<h2 id=\"vigiliason\">Vig\u00edlia, son, inconscient, somnis<\/h2>\n<p><a href=\"http:\/\/meumon.synology.me\/museu\/vigilia-son-consciencia-inconscient\/\">Vig\u00edlia, son, consci\u00e8ncia, inconscient<\/a><\/p>\n<p><a href=\"http:\/\/meumon.synology.me\/museu\/vigilia-son-consciencia-inconscient\/#despertadormit\">Despert, adormit, ritme circadiari<\/a>\u00a0 \u00a0\u00a0<a href=\"http:\/\/meumon.synology.me\/museu\/vigilia-son-consciencia-inconscient\/#atencio\">Atenci\u00f3<\/a>\u00a0 \u00a0<a href=\"http:\/\/meumon.synology.me\/museu\/vigilia-son-consciencia-inconscient\/#son\">El son<\/a>\u00a0\u00a0<a href=\"http:\/\/meumon.synology.me\/museu\/vigilia-son-consciencia-inconscient\/#inconscient\">l\u2019inconscient<\/a>\u00a0\u00a0<a href=\"http:\/\/meumon.synology.me\/museu\/vigilia-son-consciencia-inconscient\/#correntconsciencia\">Corrent de consci\u00e8ncia<\/a>\u00a0<a href=\"http:\/\/meumon.synology.me\/museu\/vigilia-son-consciencia-inconscient\/#vidamental\">\u00a0la vida de la ment<\/a>\u00a0\u00a0<a href=\"http:\/\/meumon.synology.me\/museu\/vigilia-son-consciencia-inconscient\/#articles\">Articles<\/a><\/p>\n<p><a href=\"http:\/\/meumon.synology.me\/museu\/els-somnis\/\">Somnis<\/a><br \/>\n<a href=\"http:\/\/meumon.synology.me\/museu\/els-somnis\/#introduccio\">Introducci\u00f3<\/a>.\u00a0<a href=\"http:\/\/meumon.synology.me\/museu\/els-somnis\/#somniscultures\">Els somnis en les cultures<\/a>.\u00a0<a href=\"http:\/\/meumon.synology.me\/museu\/els-somnis\/#interpretacio\">Interpretaci\u00f3<\/a>.\u00a0<a href=\"http:\/\/meumon.synology.me\/museu\/els-somnis\/#slucids\">Somnis l\u00facids<\/a>.\u00a0<a href=\"http:\/\/meumon.synology.me\/museu\/els-somnis\/#diaris\">Diaris<\/a>.\u00a0<a href=\"http:\/\/meumon.synology.me\/museu\/els-somnis\/#art\">Art<\/a>,\u00a0<a href=\"http:\/\/meumon.synology.me\/museu\/els-somnis\/#literatura\">literatura<\/a>,\u00a0<a href=\"http:\/\/meumon.synology.me\/museu\/els-somnis\/#cinema\">cinema<\/a>,\u00a0<a href=\"http:\/\/meumon.synology.me\/museu\/els-somnis\/#questio\">La q\u00fcesti\u00f3 somni\/realitat.<\/a><\/p>\n<hr \/>\n<h2 id=\"sensacions\"><a href=\"http:\/\/meumon.synology.me\/museu\/sensacions-i-percepcio\/\">Sensacions i percepci\u00f3<\/a><\/h2>\n<p><a href=\"http:\/\/meumon.synology.me\/museu\/sensacions-i-percepcio\/#receptorssensacions\">Receptors sensacions<\/a>\u00a0(<a href=\"http:\/\/meumon.synology.me\/museu\/sensacions-i-percepcio\/#interfase\">interfase<\/a>)\u00a0\u00a0<a href=\"http:\/\/meumon.synology.me\/museu\/sensacions-i-percepcio\/#percepcio\">Percepci\u00f3<\/a>: Introducci\u00f3, les dimensions del m\u00f3n, la percepci\u00f3 de la realitat.\u00a0<a href=\"http:\/\/meumon.synology.me\/museu\/sensacions-i-percepcio\/#questions\">Q\u00fcestions<\/a><\/p>\n<hr \/>\n<h2 id=\"aprenentatgememoria\">Aprenentatge i mem\u00f2ria<\/h2>\n<p><a href=\"http:\/\/meumon.synology.me\/museu\/aprenentatge-i-condicionament\/\">Aprenentatge\u00a0 i condicionament<\/a>[Pavlov, Skinner, Watson]<\/p>\n<p><a href=\"http:\/\/meumon.synology.me\/museu\/aprenentatge-i-condicionament\/#introduccio\">Introducci\u00f3<\/a>\u00a0 \u00a0 |\u00a0 \u00a0\u00a0<a href=\"http:\/\/meumon.synology.me\/museu\/aprenentatge-i-condicionament\/\">Instints, conducta heretada<\/a>\u00a0 \u00a0|\u00a0\u00a0<a href=\"http:\/\/meumon.synology.me\/museu\/aprenentatge-i-condicionament\/#cclassic\">Condicionament cl\u00e0ssic<\/a>,\u00a0<a href=\"http:\/\/meumon.synology.me\/museu\/aprenentatge-i-condicionament\/#coperant\">operant<\/a>.\u00a0<a href=\"http:\/\/meumon.synology.me\/museu\/aprenentatge-i-condicionament\/#aperceptiu\">Aprenentatge perceptiu<\/a>.\u00a0<a href=\"http:\/\/meumon.synology.me\/museu\/aprenentatge-i-condicionament\/#social\">Aprenentatge social per imitaci\u00f3<\/a>.\u00a0<a href=\"http:\/\/meumon.synology.me\/museu\/aprenentatge-i-condicionament\/#acomplexos\">Aprenentatges complexos<\/a>. Piaget:\u00a0<a href=\"http:\/\/meumon.synology.me\/museu\/aprenentatge-i-condicionament\/#acomodacioassimilacio\">acomodaci\u00f3 i assimilaci\u00f3<\/a>.<\/p>\n<p><a href=\"http:\/\/meumon.synology.me\/museu\/memoria\/\">Mem\u00f2ria<\/a><\/p>\n<p><a href=\"http:\/\/meumon.synology.me\/museu\/memoria\/#introduccio\">Introducci\u00f3<\/a>\u00a0\u00a0 \u00a0<a href=\"http:\/\/meumon.synology.me\/museu\/memoria\/#filosofia\">Filosofia<\/a>\u00a0 \u00a0\u00a0<a href=\"http:\/\/meumon.synology.me\/museu\/memoria\/#psicologia\">Psicologia<\/a>\u00a0 \u00a0<a href=\"http:\/\/meumon.synology.me\/museu\/memoria\/#neurologia\">Tipus i neurologia<\/a>\u00a0 \u00a0\u00a0<a href=\"http:\/\/meumon.synology.me\/museu\/memoria\/#model\">Model<\/a>\u00a0 \u00a0<a href=\"http:\/\/meumon.synology.me\/museu\/memoria\/#estatmental\">Mem\u00f2ria i estat mental<\/a>\u00a0 \u00a0\u00a0<a href=\"http:\/\/meumon.synology.me\/museu\/memoria\/#vidamemoria\">Vida humana com a mem\u00f2ria canviant<\/a>\u00a0 \u00a0<a href=\"http:\/\/meumon.synology.me\/museu\/memoria\/#memoriacolectiva\">Mem\u00f2ria col\u00b7lectiva<\/a>\u00a0 \u00a0<a href=\"http:\/\/meumon.synology.me\/museu\/memoria\/#altres\">Altres<\/a><\/p>\n<hr \/>\n<h2 id=\"inteligenciaimaginacio\">Intel\u00b7lig\u00e8ncia, Imaginaci\u00f3<\/h2>\n<p><a href=\"http:\/\/meumon.synology.me\/museu\/intel%c2%b7ligencia\/\">Intel\u00b7lig\u00e8ncia<\/a><\/p>\n<p><a href=\"http:\/\/meumon.synology.me\/museu\/intel%C2%B7ligencia\/#introduccio\">Introducci\u00f3<\/a>\u00a0 \u00a0|\u00a0 \u00a0<a href=\"http:\/\/meumon.synology.me\/museu\/intel%C2%B7ligencia\/#filosofia\">Filosofia<\/a>\u00a0 \u00a0 \u00a0| <a href=\"http:\/\/meumon.synology.me\/museu\/intel%c2%b7ligencia\/#animals\">Intel\u00b7lig\u00e8ncia en animals<\/a> \u00a0\u00a0 <a href=\"http:\/\/meumon.synology.me\/museu\/intel%c2%b7ligencia\/#ai\">AI<\/a> \u00a0\u00a0 |\u00a0 \u00a0 <a href=\"http:\/\/meumon.synology.me\/museu\/intel%C2%B7ligencia\/#iq\">Tests d&#8217;intel\u00b7lig\u00e8ncia<\/a>\u00a0 <a href=\"http:\/\/meumon.synology.me\/museu\/intel%C2%B7ligencia\/#genis\">Els genis<\/a>\u00a0 |\u00a0 Teories\u00a0 <a href=\"http:\/\/meumon.synology.me\/museu\/intel%C2%B7ligencia\/#psicologia\">Psicologia<\/a>\u00a0 \u00a0 |\u00a0 \u00a0 \u00a0<a href=\"http:\/\/meumon.synology.me\/museu\/intel%C2%B7ligencia\/#preverbal\">Preverbal<\/a> : joc, somni, ritu, dibuix, imaginaci\u00f3 \u00a0 |\u00a0 \u00a0<a href=\"http:\/\/meumon.synology.me\/museu\/intel%C2%B7ligencia\/#llenguatge\">Llenguatge<\/a>\u00a0 \u00a0 |\u00a0 \u00a0 <a href=\"http:\/\/meumon.synology.me\/museu\/intel%C2%B7ligencia\/#pensament\">Pensament i soluci\u00f3 de problemes<\/a>\u00a0 \u00a0 \u00a0<a href=\"http:\/\/meumon.synology.me\/museu\/intel%C2%B7ligencia\/#discussio\">Discussi\u00f3<\/a>: l&#8217;<a href=\"http:\/\/meumon.synology.me\/museu\/intel%c2%b7ligencia\/#estupidesa\">estupidesa<\/a>\u00a0 <a style=\"cursor: pointer !important; user-select: none !important;\" href=\"http:\/\/meumon.synology.me\/museu\/intel%c2%b7ligencia\/#quevoldirentendre\">Qu\u00e8 vol dir entendre, AI<\/a>\u00a0 |\u00a0 <a href=\"http:\/\/meumon.synology.me\/museu\/intel%C2%B7ligencia\/#llenguatge\">Museu<\/a><\/p>\n<p><a href=\"http:\/\/meumon.synology.me\/museu\/la-imaginacio\/\">Imaginaci\u00f3<\/a>: <a href=\"http:\/\/meumon.synology.me\/museu\/la-imaginacio\/#introduccio\">Introducci\u00f3<\/a>\u00a0 \u00a0\u00a0<a href=\"http:\/\/meumon.synology.me\/museu\/la-imaginacio\/#filosofia\">Filosofia<\/a>\u00a0 \u00a0 \u00a0<a href=\"http:\/\/meumon.synology.me\/museu\/la-imaginacio\/#psicologia\">Psicologia<\/a>\u00a0 \u00a0 \u00a0\u00a0<a href=\"http:\/\/meumon.synology.me\/museu\/la-imaginacio\/#discussio\">Discussi\u00f3<\/a><\/p>\n<hr \/>\n<h2 id=\"afectivitatmotivacio\">Afectivitat i motivaci\u00f3<\/h2>\n<p><a href=\"http:\/\/meumon.synology.me\/museu\/afectivitat-emocions-sentiments\/\">Afectivitat<\/a><\/p>\n<p><a href=\"http:\/\/meumon.synology.me\/museu\/afectivitat-emocions-sentiments\/#introduccio\">Introducci\u00f3<\/a>\u00a0 |\u00a0 \u00a0<a href=\"http:\/\/meumon.synology.me\/museu\/afectivitat-emocions-sentiments\/#filosofialiteratura\">Emocions a la filosofia i literatura<\/a>\u00a0 \u00a0|\u00a0\u00a0<a href=\"http:\/\/meumon.synology.me\/museu\/afectivitat-emocions-sentiments\/#teories\">Teories psicologia<\/a>\u00a0 \u00a0|\u00a0 \u00a0<a href=\"http:\/\/meumon.synology.me\/museu\/afectivitat-emocions-sentiments\/#plaerdolor\">Neurologia, plaer i dolor<\/a>\u00a0\u00a0<a href=\"http:\/\/meumon.synology.me\/museu\/afectivitat-emocions-sentiments\/#dolor\">Dolor<\/a>,\u00a0<a href=\"http:\/\/meumon.synology.me\/museu\/afectivitat-emocions-sentiments\/#plaer\">Plaer<\/a>,\u00a0<a href=\"http:\/\/meumon.synology.me\/museu\/afectivitat-emocions-sentiments\/#homeostasiplaer\">homeostasi<\/a>\u00a0|\u00a0\u00a0<a href=\"http:\/\/meumon.synology.me\/museu\/afectivitat-emocions-sentiments\/#aspectesfuncions\">Aspectes i funcions<\/a>\u00a0 |\u00a0\u00a0<a href=\"http:\/\/meumon.synology.me\/museu\/afectivitat-emocions-sentiments\/#emocionstemperament\">Emocions, sentiments, estat d\u2019\u00e0nim i temperament<\/a>\u00a0 |\u00a0\u00a0<a href=\"http:\/\/meumon.synology.me\/museu\/afectivitat-emocions-sentiments\/#classificacio\">Classificaci\u00f3<\/a>\u00a0 \u00a0<a href=\"http:\/\/meumon.synology.me\/museu\/afectivitat-emocions-sentiments\/#riure\">riure<\/a>,\u00a0<a href=\"http:\/\/meumon.synology.me\/museu\/afectivitat-emocions-sentiments\/#ansietat\">ansietat<\/a>\u00a0 |\u00a0 \u00a0<a href=\"http:\/\/meumon.synology.me\/museu\/afectivitat-emocions-sentiments\/#regulacio\">Regulaci\u00f3<\/a>\u00a0 |\u00a0\u00a0<a href=\"http:\/\/meumon.synology.me\/museu\/afectivitat-emocions-sentiments\/#emocionsalmon\">Emocions al m\u00f3n<\/a>\u00a0 \u00a0|\u00a0 \u00a0\u00a0<a href=\"http:\/\/meumon.synology.me\/museu\/afectivitat-emocions-sentiments\/#questions\">Q\u00fcestions<\/a>\u00a0 \u00a0\u00a0 \u00a0 \/\/ (Experi\u00e8ncia afectiva: <a href=\"http:\/\/meumon.synology.me\/museu\/emocions-i-sentiments\/\">Emocions i sentiments<\/a> )\u00a0 \u00a0<a href=\"http:\/\/meumon.synology.me\/museu\/un-museu-de-les-emocions\/\">Un museu de les emocions<\/a><\/p>\n<p><a href=\"http:\/\/meumon.synology.me\/museu\/motivacio\/\">Motivaci\u00f3<\/a><\/p>\n<p><a href=\"http:\/\/meumon.synology.me\/museu\/motivacio\/#definicions\">Definicions<\/a>.\u00a0<a href=\"http:\/\/meumon.synology.me\/museu\/motivacio\/#components\">Components<\/a>.\u00a0<a href=\"http:\/\/meumon.synology.me\/museu\/motivacio\/#tipus\">Tipus<\/a>\u00a0(<a href=\"http:\/\/meumon.synology.me\/museu\/motivacio\/#maslow\">Maslow<\/a>).\u00a0<a href=\"http:\/\/meumon.synology.me\/museu\/motivacio\/#teories\">Teories<\/a>.\u00a0<a href=\"http:\/\/meumon.synology.me\/museu\/motivacio\/#acrasia\">Discussi\u00f3<\/a>, Acr\u00e0sia, Llibertat.<\/p>\n<hr \/>\n<h2 id=\"desenvolupament\"><a href=\"http:\/\/meumon.synology.me\/museu\/desenvolupament\/\">Desenvolupament<\/a><\/h2>\n<p><a href=\"http:\/\/meumon.synology.me\/museu\/desenvolupament\/#introduccio\">Introducci\u00f3<\/a>\u00a0 |\u00a0 \u00a0<a href=\"http:\/\/meumon.synology.me\/museu\/desenvolupament\/#herenciamedi\">Her\u00e8ncia i medi<\/a>\u00a0 \u00a0|\u00a0 \u00a0<a href=\"http:\/\/meumon.synology.me\/museu\/desenvolupament\/#teories\">Teories<\/a> d&#8217;estadis cognitiu, afectiu i moral | <a href=\"http:\/\/meumon.synology.me\/museu\/desenvolupament\/#fisic\">Desenvolupament f\u00edsic<\/a><br \/>\n<a href=\"http:\/\/meumon.synology.me\/museu\/desenvolupament\/#pensament\">Desenvolupament cognitiu<\/a>\u00a0 \u00a0|\u00a0 <a href=\"http:\/\/meumon.synology.me\/museu\/desenvolupament\/#llenguatge\">Llenguatge<\/a>\u00a0 \u00a0|\u00a0 <a href=\"http:\/\/meumon.synology.me\/museu\/desenvolupament\/#percepcio\">Percepci\u00f3 del m\u00f3n i de si mateix<\/a><br \/>\n<a href=\"http:\/\/meumon.synology.me\/museu\/desenvolupament\/#emocions\">Emocions<\/a>\u00a0 i etapes psicosocials, <a href=\"http:\/\/meumon.synology.me\/museu\/desenvolupament\/#freud\">Freud<\/a>, <a href=\"http:\/\/meumon.synology.me\/museu\/desenvolupament\/#erikson\">Erikson<\/a>\u00a0 \u00a0|\u00a0 \u00a0<a style=\"cursor: pointer !important; user-select: none !important;\" href=\"http:\/\/meumon.synology.me\/museu\/desenvolupament\/#discussio\">Discussi\u00f3<\/a>\u00a0 \u00a0 \u00a0|\u00a0 \u00a0<a href=\"http:\/\/meumon.synology.me\/museu\/desenvolupament\/#museu\">Museu<\/a><\/p>\n<hr \/>\n<h2 id=\"personalitat\"><a href=\"http:\/\/meumon.synology.me\/museu\/personalitat\/\">Personalitat<\/a><\/h2>\n<p><a href=\"http:\/\/meumon.synology.me\/museu\/personalitat\/#introduccio\">Introducci\u00f3<\/a>\u00a0 |\u00a0 \u00a0<a href=\"http:\/\/meumon.synology.me\/museu\/personalitat\/#mhistorics\">Models hist\u00f2rics<\/a> 4 temperaments, frenologia\u00a0 \u00a0|\u00a0 \u00a0 <a href=\"http:\/\/meumon.synology.me\/museu\/personalitat\/#somatotipus\">Somatotipus<\/a>\u00a0 \u00a0|\u00a0 \u00a0<a href=\"http:\/\/meumon.synology.me\/museu\/personalitat\/#psicodinamica\">La psique com a conjunt de forces<\/a>\u00a0 \u00a0 | \u00a0 \u00a0<a href=\"http:\/\/meumon.synology.me\/museu\/personalitat\/#trets\">Teories de trets<\/a> i tests: <a href=\"http:\/\/meumon.synology.me\/museu\/personalitat\/#allport\">Allport<\/a>\u00a0 \u00a0<a href=\"http:\/\/meumon.synology.me\/museu\/personalitat\/#mmpi\">MMPI<\/a>\u00a0 \u00a0<a href=\"http:\/\/meumon.synology.me\/museu\/personalitat\/#cattell\">Cattell<\/a>\u00a0 <a href=\"http:\/\/meumon.synology.me\/museu\/personalitat\/#eysenck\">Eysenck<\/a>\u00a0 <a href=\"http:\/\/meumon.synology.me\/museu\/personalitat\/#myersbriggs\">Myers-Briggs<\/a>\u00a0 \u00a0 <a href=\"http:\/\/meumon.synology.me\/museu\/personalitat\/#ocean\">OCEAN<\/a>\u00a0 <a href=\"http:\/\/meumon.synology.me\/museu\/personalitat\/#pid5\">PID-5<\/a> |\u00a0 \u00a0<a href=\"http:\/\/meumon.synology.me\/museu\/personalitat\/#aspectes\">Aspectes<\/a>: <a href=\"http:\/\/meumon.synology.me\/museu\/personalitat\/#herenciamedi\">Her\u00e8ncia i medi<\/a>\u00a0 \u00a0 <a href=\"http:\/\/meumon.synology.me\/museu\/personalitat\/#variaciovida\">Variaci\u00f3 al llarg de la vida<\/a>\u00a0 \u00a0 <a href=\"http:\/\/meumon.synology.me\/museu\/personalitat\/#emocionscaracter\">Emocions i car\u00e0cter<\/a>\u00a0 <a href=\"http:\/\/meumon.synology.me\/museu\/personalitat\/\">Lloc de treball\u00a0<\/a> \u00a0 \u00a0<a href=\"http:\/\/meumon.synology.me\/museu\/personalitat\/\">Trastorns<\/a>\u00a0 \u00a0<a href=\"http:\/\/meumon.synology.me\/museu\/personalitat\/\">Psicologia social<\/a>\u00a0 \u00a0|\u00a0 \u00a0<a href=\"http:\/\/meumon.synology.me\/museu\/personalitat\/#partificial\">Personalitats artificials<\/a>\u00a0 <a href=\"http:\/\/meumon.synology.me\/museu\/personalitat\/#agentsconversa\">Agents de conversa<\/a>\u00a0 \u00a0<a href=\"http:\/\/meumon.synology.me\/museu\/personalitat\/#personalitatnpc\">NPC en jocs<\/a>\u00a0 |\u00a0 <a href=\"http:\/\/meumon.synology.me\/museu\/personalitat\/#discussi\u00f3\">Discussi\u00f3<\/a>: Qu\u00e8 explica una persona. la idea de subjecte. Dimensi\u00f3 confian\u00e7a-gratitud\/temor-enveja\u00a0 |\u00a0 \u00a0<a href=\"http:\/\/meumon.synology.me\/museu\/personalitat\/#museu\">Museu<\/a><\/p>\n<hr \/>\n<h2 id=\"social\"><a href=\"http:\/\/meumon.synology.me\/museu\/psicologia-social\/\">Psicologia social<\/a><\/h2>\n<ul>\n<li><a href=\"http:\/\/meumon.synology.me\/museu\/psicologia-social\/#introduccio\">Introducci\u00f3<\/a>\u00a0\u00a0<a href=\"http:\/\/meumon.synology.me\/museu\/psicologia-social\/#historia\">Hist\u00f2ria<\/a><\/li>\n<li>[<a href=\"http:\/\/meumon.synology.me\/museu\/psicologia-social\/#grupsrelacions\">Grups i relacions<\/a>]:\u00a0\u00a0<a href=\"http:\/\/meumon.synology.me\/museu\/psicologia-social\/#conformitat\">Influ\u00e8ncia social, conformisme i obedi\u00e8ncia<\/a>\u00a0\u00a0\u00a0\u00a0<a href=\"http:\/\/meumon.synology.me\/museu\/psicologia-social\/#dinamicagrups\">Din\u00e0mica de grups i sociometria<\/a>\u00a0 \u00a0<a href=\"http:\/\/meumon.synology.me\/museu\/psicologia-social\/#relacions\">Relacions interpersonals<\/a>\u00a0 \u00a0<a href=\"http:\/\/meumon.synology.me\/museu\/psicologia-social\/#altruismeagressio\">Altruisme\/agressi\u00f3<\/a>\u00a0 \u00a0 \u00a0\u00a0<a href=\"http:\/\/meumon.synology.me\/museu\/psicologia-social\/#terapia\">Ter\u00e0pia sist\u00e8mica familiar<\/a><\/li>\n<li>[\u00a0<a href=\"http:\/\/meumon.synology.me\/museu\/psicologia-social\/#grupsbiaixos\">Pertinen\u00e7a a un grup, identitat, biaixos<\/a>]:\u00a0\u00a0<a href=\"http:\/\/meumon.synology.me\/museu\/psicologia-social\/#actituds\">Actituds, persuasi\u00f3 i canvi d\u2019opini\u00f3<\/a>\u00a0 \u00a0\u00a0<a href=\"http:\/\/meumon.synology.me\/museu\/psicologia-social\/#identitatgrup\">Identitat de grup i prejudicis<\/a>\u00a0 \u00a0 \u00a0<a href=\"http:\/\/meumon.synology.me\/museu\/psicologia-social\/#biaixos\">Cognici\u00f3 social i biaixos<\/a>\u00a0\u00a0<a href=\"http:\/\/meumon.synology.me\/museu\/psicologia-social\/#xarxes\">Xarxes socials, bombolles<\/a><\/li>\n<li>[<a href=\"http:\/\/meumon.synology.me\/museu\/psicologia-social\/#causesautoconcepte\">Com pensem els altres i nosaltres mateixos<\/a>]\u00a0 \u00a0<a href=\"http:\/\/meumon.synology.me\/museu\/psicologia-social\/#cogniciosocial\">Cognici\u00f3 social i atribuci\u00f3 de causes<\/a>\u00a0\u00a0<a href=\"http:\/\/meumon.synology.me\/museu\/psicologia-social\/#autoconcepte\">Autoconcepte<\/a><\/li>\n<li><a href=\"http:\/\/meumon.synology.me\/museu\/psicologia-social\/#neurologia\">Neurologia<\/a><\/li>\n<li><a href=\"http:\/\/meumon.synology.me\/museu\/psicologia-social\/#discussio\">Discussi\u00f3<\/a>: avantatge evolutiu, situacionisme, 4 tipus de fet<\/li>\n<li><a href=\"http:\/\/meumon.synology.me\/museu\/psicologia-social\/#museu\">Museu<\/a><\/li>\n<\/ul>\n<hr \/>\n<h2 id=\"patologies\"><a href=\"http:\/\/meumon.synology.me\/museu\/salut-mental\/\">Salut mental<\/a><\/h2>\n<p><a href=\"http:\/\/meumon.synology.me\/museu\/salut-mental\/#introduccio\">Introducci\u00f3<\/a>\u00a0 \u00a0 \u00a0<a href=\"http:\/\/meumon.synology.me\/museu\/salut-mental\/#historia\">Hist\u00f2ria<\/a>\u00a0 \u00a0<a href=\"http:\/\/meumon.synology.me\/museu\/salut-mental\/#classificacio\">Classificaci\u00f3<\/a> WHO DSM<\/p>\n<ul>\n<li>Neurol\u00f2gics: <a href=\"http:\/\/meumon.synology.me\/museu\/salut-mental\/#neurologiademencia\">desenvolupament<\/a>,\u00a0 \u00a0 <a href=\"http:\/\/meumon.synology.me\/museu\/salut-mental\/#neurologiademencia\">dem\u00e8ncia<\/a><\/li>\n<li>[Alteracions conducta]: <a href=\"http:\/\/meumon.synology.me\/museu\/salut-mental\/#esquizofrenia\">Esquizofr\u00e8nia<\/a>\u00a0 \u00a0<a href=\"http:\/\/meumon.synology.me\/museu\/salut-mental\/#bipolarsdepressius\">Bipolars i depressius<\/a>\u00a0 \u00a0<a href=\"http:\/\/meumon.synology.me\/museu\/salut-mental\/#impulsos\">Control d&#8217;impulsos<\/a>\u00a0 \u00a0 <a href=\"http:\/\/meumon.synology.me\/museu\/salut-mental\/#substancies\">Subst\u00e0ncies<\/a><\/li>\n<li>[Angoixa] <a href=\"http:\/\/meumon.synology.me\/museu\/salut-mental\/#ansietat\">Ansietat<\/a>\u00a0 \u00a0<a href=\"http:\/\/meumon.synology.me\/museu\/salut-mental\/#toc\">TOC<\/a><\/li>\n<li>[Traumes i estr\u00e8s] <a href=\"http:\/\/meumon.synology.me\/museu\/salut-mental\/#posttraumatic\">Posttraum\u00e0tics<\/a>\u00a0 \u00a0\u00a0<a href=\"http:\/\/meumon.synology.me\/museu\/salut-mental\/#dissociatius\">dissociatius<\/a>\u00a0 \u00a0 <a href=\"http:\/\/meumon.synology.me\/museu\/salut-mental\/#somatics\">som\u00e0tics<\/a>\u00a0 \u00a0 \u00a0<a href=\"http:\/\/meumon.synology.me\/museu\/salut-mental\/#disruptiu\">disruptiu\/dissocial<\/a>\u00a0 \u00a0 \u00a0<a href=\"http:\/\/meumon.synology.me\/museu\/salut-mental\/#hikikomori\">Hikikomori<\/a><\/li>\n<li><a href=\"http:\/\/meumon.synology.me\/museu\/salut-mental\/#personalitat\">Personalitat<\/a><\/li>\n<li>[Altres]\u00a0 <a href=\"http:\/\/meumon.synology.me\/museu\/salut-mental\/#eliminacioson\">Eliminaci\u00f3 i son<\/a> , <a style=\"cursor: pointer !important; user-select: none !important;\" href=\"http:\/\/meumon.synology.me\/museu\/salut-mental\/#alimentaris\">Alimentaris<\/a> \u00a0 \u00a0<a href=\"http:\/\/meumon.synology.me\/museu\/salut-mental\/#sexuals\">Sexuals, g\u00e8nere, paraf\u00edlies<\/a><\/li>\n<\/ul>\n<p><a href=\"http:\/\/meumon.synology.me\/museu\/salut-mental\/#epidemiologia\">Epidemiologia<\/a>\u00a0 \u00a0 <a href=\"http:\/\/meumon.synology.me\/museu\/salut-mental\/#diagnostic\">Diagn\u00f2stic<\/a>\u00a0 \u00a0<a href=\"http:\/\/meumon.synology.me\/museu\/salut-mental\/#medicacio\">Medicaci\u00f3<\/a>\u00a0 <a href=\"http:\/\/meumon.synology.me\/museu\/salut-mental\/#terapia\">Ter\u00e0pia<\/a><br \/>\n<a href=\"http:\/\/meumon.synology.me\/museu\/salut-mental\/#salut\">Salut mental i benestar<\/a>\u00a0 \u00a0\u00a0 \u00a0<a href=\"http:\/\/meumon.synology.me\/museu\/salut-mental\/#bojoshistoria\">Bojos en la hist\u00f2ria<\/a>\u00a0 <a href=\"http:\/\/meumon.synology.me\/museu\/salut-mental\/#genibogeria\">Geni i bogeria<\/a> . <a href=\"http:\/\/meumon.synology.me\/museu\/salut-mental\/#bogeriaarts\">La bogeria a les arts<\/a><br \/>\n<a href=\"http:\/\/meumon.synology.me\/museu\/salut-mental\/#discussio\">Discussi\u00f3<\/a>: <a href=\"http:\/\/meumon.synology.me\/museu\/salut-mental\/#mentmateria\">Ment i mat\u00e8ria<\/a>. <a href=\"http:\/\/meumon.synology.me\/museu\/salut-mental\/#condiciohumana\">Els l\u00edmits de la condici\u00f3 humana<\/a>. <a href=\"http:\/\/meumon.synology.me\/museu\/salut-mental\/#societatmalalta\">Societat malalta<\/a>. <a href=\"http:\/\/meumon.synology.me\/museu\/salut-mental\/#industriasalvacio\">ind\u00fastria de la salvaci\u00f3<\/a>.\u00a0 \u00a0<a href=\"http:\/\/meumon.synology.me\/museu\/salut-mental\/#museu\">Museu<\/a><\/p>\n<hr \/>\n<h2 id=\"discussio\">Discussi\u00f3<\/h2>\n<p><strong>[Qu\u00e8 ens explica i qu\u00e8 no]<\/strong><\/p>\n<p>La psicologia, la ci\u00e8ncia de la conducta humana, ens explica el desenvolupament, l&#8217;aprenentatge i la intel\u00b7lig\u00e8ncia, ens descriu les emocions i la personalitat, i diagnostica .<\/p>\n<p><span style=\"font-size: 1rem;\">[A l&#8217;hora &#8220;d&#8217;explicar&#8221;, &#8220;entendre&#8221; la vida d&#8217;alg\u00fa, qu\u00e8 ens aporta m\u00e9s, la psicologia? o una biografia? \u00b4Quins serien els equivalents a les condicions inicials i camp de forces d&#8217;un sistema f\u00edsic? Un hum\u00e0 \u00e9s alg\u00fa amb necessitats de l&#8217;organisme, necessitats de grup i d&#8217;autorealitzaci\u00f3 (seguint Maslow), necessitats menys justificables, impulsos, que dins d&#8217;un determinat entorn f\u00edsic i social, determinen cert curs d&#8217;acci\u00f3. Els models s\u00f3n: Freud, resposta autom\u00e0tica, soluci\u00f3 de problemes.<\/span><\/p>\n<p>El <a style=\"font-size: 1rem;\" href=\"http:\/\/meumon.synology.me\/museu\/desenvolupament\/#discussio\">desenvolupament<\/a> \u00e9s &#8220;fabricar&#8221; un adult eficient que acabar\u00e0 en un vell desencantat?<span style=\"font-size: 1rem;\"> cicle de vida, plenitud vs desengany.<\/span> Educaci\u00f3, entre l\u2019entrenador s\u00e0dic i el gentle parenting.<br \/>\n<span style=\"font-size: 1rem;\">Som una <\/span><a style=\"font-size: 1rem;\" href=\"http:\/\/meumon.synology.me\/museu\/salut-mental\/#societatmalalta\">societat malalta<\/a> amb una <a style=\"font-size: 1rem;\" href=\"http:\/\/meumon.synology.me\/museu\/salut-mental\/#industriasalvacio\">ind\u00fastria de la salvaci\u00f3<\/a> (Trastorns mentals)?<\/p>\n<p>Segons com ens pot semblar que falta alguna cosa, que no adre\u00e7a la q\u00fcesti\u00f3 del \u00a0<a href=\"http:\/\/meumon.synology.me\/museu\/el-patiment-normal\/\">patiment<\/a> i la infelicitat. Es parla de &#8220;trastorn mental&#8221; quan queda afectat el &#8220;funcionament normal&#8221;. Per\u00f2 resulta que el &#8220;funcionament normal&#8221; sovint \u00e9s infeli\u00e7, encara que tingui un sostre i un sou: <a href=\"http:\/\/meumon.synology.me\/museu\/afectivitat-emocions-sentiments\/#emocionsalmon\">Emocions al m\u00f3n<\/a> Segurament no \u00e9s cosa de la psicologia determinar quina \u00e9s <a href=\"http:\/\/meumon.synology.me\/museu\/la-vida-bona\/\">la vida bona<\/a>. \u00c9s de la filosofia o la religi\u00f3? Ha de ser un objectiu de l&#8217;estat?<\/p>\n<p><strong>Qu\u00e8 som? els estats conscients i l&#8217;experi\u00e8ncia, el conjunt de cos, cervell i xarxa neuronal, l&#8217;inconscient i els somnis? Ment i mat\u00e8ria.<\/strong><\/p>\n<ul>\n<li>Son, vig\u00edlia, conscient, inconscient: <a href=\"http:\/\/meumon.synology.me\/museu\/vigilia-son-consciencia-inconscient\/#inconscient\">l\u2019inconscient<\/a><span style=\"font-size: 1rem;\">\u00a0\u00a0<\/span><a style=\"font-size: 1rem;\" href=\"http:\/\/meumon.synology.me\/museu\/vigilia-son-consciencia-inconscient\/#correntconsciencia\">Corrent de consci\u00e8ncia<\/a><span style=\"font-size: 1rem;\">\u00a0<\/span><a style=\"font-size: 1rem;\" href=\"http:\/\/meumon.synology.me\/museu\/vigilia-son-consciencia-inconscient\/#vidamental\">\u00a0la vida de la ment<\/a><span style=\"font-size: 1rem;\">.<\/span><span style=\"font-size: 1rem;\"> Som nom\u00e9s els estats dels que som conscients? o tamb\u00e9 el 47% inconscient?<\/span><\/li>\n<li>Els somnis: <a style=\"font-size: 1rem;\" href=\"http:\/\/meumon.synology.me\/museu\/els-somnis\/#questio\">La q\u00fcesti\u00f3 somni\/realitat.<\/a><span style=\"font-size: 1rem;\"> Tenim una vida interessant que ens \u00e9s desconeguda, com un viatge fascinant del que ens esborren la mem\u00f2ria i ens requisen les fotos?<\/span><\/li>\n<li>Cervell: <a style=\"font-size: 1rem;\" href=\"http:\/\/meumon.synology.me\/museu\/cervell-xarxa-neuronal\/#questions\">Q\u00fcestions<\/a><span style=\"font-size: 1rem;\">: <\/span><a style=\"font-size: 1rem;\" href=\"http:\/\/meumon.synology.me\/museu\/cervell-xarxa-neuronal\/#filosofiament\">Filosofia de la ment<\/a> Mind-body problem<span style=\"font-size: 1rem;\">. <\/span><a style=\"font-size: 1rem;\" href=\"http:\/\/meumon.synology.me\/museu\/cervell-xarxa-neuronal\/#conscienciaemergent\">Consci\u00e8ncia com a propietat emergent<\/a><span style=\"font-size: 1rem;\">.\u00a0 <\/span><a style=\"font-size: 1rem;\" href=\"http:\/\/meumon.synology.me\/museu\/cervell-xarxa-neuronal\/#cervellpot\">Un cervell en un pot<\/a><span style=\"font-size: 1rem;\"> . <\/span><a style=\"font-size: 1rem;\" href=\"http:\/\/meumon.synology.me\/museu\/cervell-xarxa-neuronal\/#realitatvirtual\">Realitat virtual i ter\u00e0pia per chatbots<\/a><span style=\"font-size: 1rem;\"> .\u00a0 <\/span><a style=\"font-size: 1rem;\" href=\"http:\/\/meumon.synology.me\/museu\/cervell-xarxa-neuronal\/#maquinesconscients\">Consci\u00e8ncia en m\u00e0quines<\/a><span style=\"font-size: 1rem;\">.\u00a0 <\/span><a style=\"font-size: 1rem;\" href=\"http:\/\/meumon.synology.me\/museu\/cervell-xarxa-neuronal\/#mindupload\">Mind Upload<\/a><span style=\"font-size: 1rem;\">. <\/span><a style=\"font-size: 1rem;\" href=\"http:\/\/meumon.synology.me\/museu\/cervell-xarxa-neuronal\/#dinsdelcap\">Dins del cap<\/a><span style=\"font-size: 1rem;\">. <\/span><a style=\"font-size: 1rem;\" href=\"http:\/\/meumon.synology.me\/museu\/cervell-xarxa-neuronal\/#articles\">Articles<\/a><\/li>\n<li>Mem\u00f2ria: <a href=\"http:\/\/meumon.synology.me\/museu\/memoria\/#vidamemoria\">La vida humana com a mem\u00f2ria canviant<\/a> .\u00a0Som un hardware (gen\u00e8tica) heretat i la programaci\u00f3 que ens han carregat? \u00e9s l&#8217;entrenament (<a href=\"http:\/\/meumon.synology.me\/museu\/aprenentatge-i-condicionament\/\">aprenentatge<\/a>) de la <a href=\"http:\/\/meumon.synology.me\/museu\/cervell-xarxa-neuronal\/\">xarxa neuronal<\/a>? [uns extraterrestres arreglarien la humanitat reprogramant-nos? esborrant els greuges de de catalans i espanyols, de jueus i palestins?]<\/li>\n<li><a href=\"http:\/\/meumon.synology.me\/museu\/personalitat\/#discussi%C3%B3\">Personalitat<\/a>: Qu\u00e8 explica una persona. la idea de subjecte. Dimensi\u00f3 confian\u00e7a-gratitud\/temor-enveja<\/li>\n<li>Trastorns mentals:\u00a0\u00a0<a href=\"http:\/\/meumon.synology.me\/museu\/salut-mental\/#mentmateria\">Ment i mat\u00e8ria<\/a>, pastilles i CBT. els trastons, dibuixen <a href=\"http:\/\/meumon.synology.me\/museu\/salut-mental\/#condiciohumana\">els l\u00edmits de la condici\u00f3 humana<\/a>?<\/li>\n<li style=\"list-style-type: none;\"><\/li>\n<\/ul>\n<p><strong>Com funcionem? Qu\u00e8 ens mou? Desig, motius, ra\u00f3<\/strong><\/p>\n<ul>\n<li><a href=\"http:\/\/meumon.synology.me\/museu\/motivacio\/#acrasia\">Motivaci\u00f3<\/a>:\u00a0 estem condemnats a la insatisfacci\u00f3 perqu\u00e8 mai en tindrem prou? El que volem i el que fem, la feblesa de la voluntat, acr\u00e0sia. El que triem, llibertat i determinisme.<\/li>\n<li><a href=\"http:\/\/meumon.synology.me\/museu\/afectivitat-emocions-sentiments\/#questions\">Emocions<\/a>\u00a0 Qu\u00e8 hem de fer, reprimir-les, regular-les, buscar el m\u00e0xim d&#8217;emocions positives? A l&#8217;antiguitat valor\u00e0vem m\u00e9s la ra\u00f3, ara amb la AI, valorem les emocions.<\/li>\n<li>Intel\u00b7lig\u00e8ncia, l\u2019<a href=\"http:\/\/meumon.synology.me\/museu\/intel%c2%b7ligencia\/#estupidesa\">estupidesa<\/a> , el frac\u00e0s de la ra\u00f3.<\/li>\n<li><a href=\"http:\/\/meumon.synology.me\/museu\/la-imaginacio\/#discussio\">Imaginaci\u00f3<\/a>\u00a0la possibilitat de tenir en compte les expectatives i possibilitats, la base de la llibertat, de l&#8217;esperan\u00e7a i la frustraci\u00f3.<\/li>\n<\/ul>\n<p><strong>Qu\u00e8 \u00e9s real? El que percebem, els models de la ra\u00f3<\/strong><\/p>\n<ul>\n<li><a style=\"font-size: 1rem;\" href=\"http:\/\/meumon.synology.me\/museu\/sensacions-i-percepcio\/#questions\">Sentits, percepci\u00f3<\/a><span style=\"font-size: 1rem;\">, interfase amb el m\u00f3n, quina mena d&#8217;acc\u00e9s a la realitat ens donen els sentits? \u2192 Filosofia, epistemologia.<\/span><\/li>\n<li>Intel\u00b7lig\u00e8ncia, <a style=\"cursor: pointer !important; user-select: none !important;\" href=\"http:\/\/meumon.synology.me\/museu\/intel%c2%b7ligencia\/#quevoldirentendre\">qu\u00e8 vol dir entendre<\/a>. <span style=\"font-size: 1rem;\">Un IQ alt no garanteix ni \u00e8xit ni felicitat. la AI, ent\u00e9n?<\/span><\/li>\n<\/ul>\n<p><strong>Gent fallida? intel\u00b7lectualment, moralment?<\/strong><\/p>\n<ul>\n<li><a href=\"http:\/\/meumon.synology.me\/museu\/desenvolupament\/#discussio\">Desenvolupament<\/a>: Gent fallida i\u00a0Eugen\u00e8sia. Llic\u00e8ncia de reproducci\u00f3.<\/li>\n<li>Salut mental, <a style=\"font-size: 1rem;\" href=\"http:\/\/meumon.synology.me\/museu\/salut-mental\/#condiciohumana\">els l\u00edmits de la condici\u00f3 humana<\/a><span style=\"font-size: 1rem;\">?<\/span><\/li>\n<\/ul>\n<p><strong>L&#8217;individu i el grup o xarxa<\/strong><\/p>\n<ul>\n<li>Qu\u00e8 ens determina la situaci\u00f3? el grup, o el projecte individual? (<a style=\"cursor: pointer !important; user-select: none !important;\" href=\"http:\/\/meumon.synology.me\/museu\/psicologia-social\/#discussio\">Psicologia social<\/a>)<\/li>\n<li>Les ci\u00e8ncies socials, economia, sociologia, dret, pol\u00edtica, es poden derivar de la psicologia? O b\u00e9 es pot parlar d&#8217;un quart tipus de fet (a m\u00e9s del m\u00f3n f\u00edsic, el m\u00f3n de l&#8217;experi\u00e8ncia i el m\u00f3n 3 de Popper). <a style=\"font-size: 1rem; cursor: pointer !important; user-select: none !important;\" href=\"http:\/\/meumon.synology.me\/museu\/psicologia-social\/#discussio\">Psicologia social<\/a>.<\/li>\n<li>El contingut mental, l&#8217;he adquirit jo per aprenentatge, com un ordinador que generalitza a partir d&#8217;una c\u00e0mera de v\u00eddeo, o se m&#8217;ha carregat des de la xarxa com les estacions de treball d&#8217;una LAN?<\/li>\n<\/ul>\n<hr \/>\n<h2 id=\"museu\">Museu<\/h2>\n<p><strong>Entrada<\/strong><\/p>\n<ul>\n<li>Observaci\u00f3:\n<ul>\n<li>Com estic? em fa mal alguna cosa? tip o amb gana? animat o desganat? qu\u00e8 vaig fer ahir? quins plans tinc per dem\u00e0? Que tinc al meu voltant, qu\u00e8 veig, qu\u00e8 escolto?<\/li>\n<li>I la gent amb qui he interaccionat (amics, fam\u00edlia, feina)? han estat amables o hostils? Com penso que els va la vida? Quines intencions tenen?<\/li>\n<li>Com em classifico o valoro a mi mateix i als altres quant a intel\u00b7lig\u00e8ncia, personalitat, moral, atractiu, posici\u00f3 social<\/li>\n<li>[Igual que tenim apps que identifiquen el tipus de n\u00favol, planta, constel\u00b7lacions, podria imaginar unes ulleres amb AI que em mostren amb realitat augmentada informaci\u00f3 sobre un subjecte: &#8220;125 IQ, classe mitjana, atractiu mitjana, bona persona per\u00f2 no massa altruista, personalitat en general i emocions del moment, posici\u00f3 social\u00a0 ofici saldo i cr\u00e8dit, estat de salut general\u00a0 i actual, ocupaci\u00f3 i activitat al moment (anant a la feina, de vacances)&#8221;<\/li>\n<\/ul>\n<\/li>\n<li>La psicologia o psic\u00f2legs amb qui he tractat: orientaci\u00f3 a l&#8217;escola, recursos humans, ter\u00e0pia\n<ul>\n<li>Preguntes<\/li>\n<li>pregunta 1: Qu\u00e8 vol dir ser hum\u00e0? com apareix en la hist\u00f2ria? com apareix en el desenvolupament, del zigot a la vida? Quins s\u00f3n els l\u00edmits (embri\u00f3, mort cerebral, trastorns mentals.<\/li>\n<li>pregunta2: Qu\u00e8 ens passa pal cap, el que percebem, el que somiem desperts, el que somiem adormits.<\/li>\n<li>pregunta 3: Com funcionem? qu\u00e8 ens mou?<\/li>\n<li>pregunta 4: Qu\u00e8 ens fa patir? Trastorns. Com podem millorar?<\/li>\n<\/ul>\n<\/li>\n<\/ul>\n<p><img decoding=\"async\" loading=\"lazy\" class=\"alignnone size-medium\" src=\"http:\/\/meumon.synology.me\/museu\/fonsimatges\/illustracions\/ulleresAR.png\" width=\"1536\" height=\"1024\" \/><\/p>\n<p><strong>[context general, les altres dimensions: cos i cervell \/ experi\u00e8ncia \/ xarxa i ci\u00e8ncies humanes \/\u00a0 \u00a0els diferents nivells]<\/strong><\/p>\n<p><strong>[ un museu de l&#8217;home? no n&#8217;hi ha ]<\/strong><\/p>\n<p><strong>[Psicometria]\u00a0 \u00a0 \u00a0[experiments]<\/strong><\/p>\n<p><strong>[funcionament humans desig &#8212;\u00a0 n\u00e9ixer desenv &#8211; alegries decepcions morir]<\/strong><\/p>\n<p><strong>[visi\u00f3 ha]<\/strong><\/p>\n<p>[som i vig\u00edlia, conscient inconscient corrent de consi\u00e8ncia ] qu\u00e8 apssa pel cap \/ el son i els somnis \/ la sospita de l&#8217;inconscient]<\/p>\n<p>[sensacions i percepci\u00f3] experiments de Fechner i Wundt , experiments Gestalt]<\/p>\n<p>[Aprenentatge]pvlov, laberint, capsa skinner<\/p>\n<p>[mem\u00f2ria]<\/p>\n<p><a href=\"http:\/\/meumon.synology.me\/museu\/intel%C2%B7ligencia\/#llenguatge\">intel\u00b7lig\u00e8ncia<\/a><\/p>\n<p>Imaginaci\u00f3<\/p>\n<p><a href=\"http:\/\/meumon.synology.me\/museu\/un-museu-de-les-emocions\/\">Un museu de les emocions<\/a><\/p>\n<p>Motivaci\u00f3 [+ model general de com funcionem] Qu\u00e8 ens mou<\/p>\n<p><a href=\"http:\/\/meumon.synology.me\/museu\/desenvolupament\/#museu\">Desenvolupament<\/a><\/p>\n<p><a href=\"http:\/\/meumon.synology.me\/museu\/personalitat\/#museu\">Personalitat<\/a><\/p>\n<p><a href=\"http:\/\/meumon.synology.me\/museu\/psicologia-social\/#museu\">Psicologia social<\/a><\/p>\n<p><a href=\"http:\/\/meumon.synology.me\/museu\/salut-mental\/#museu\">Salut mental<\/a><\/p>\n<p>jeff hoke: el teatre de la ment,. architecture of imagination, mental modelling<\/p>\n<hr \/>\n<p><a href=\"http:\/\/meumon.synology.me\/museu\/pagina\/qct?categoria=psicologia&amp;tag=res&amp;titol=Psicologia\">\u00a0413 Psicologia<\/a>\u00a0 \u00a0 fer-ho servir per un \u00edndex alfab\u00e8tic<\/p>\n","protected":false},"excerpt":{"rendered":"<p>La vida humana :\u00a0 \u00a0L\u2019experi\u00e8ncia humana\u00a0 \u00a0El cos hum\u00e0 \u00a0Cervell, Xarxa neuronal\u00a0 |\u00a0\u00a0Psicologia\u00a0 |\u00a0 Vides humanes Introducci\u00f3: camp sem\u00e0ntic i hist\u00f2ria, aplicaci\u00f3 professional, preguntes Vig\u00edlia i son\u00a0 \u00a0 Sensacions i percepci\u00f3\u00a0 \u00a0Aprenentatge i mem\u00f2ria\u00a0 \u00a0 Intel\u00b7lig\u00e8ncia, imaginaci\u00f3\u00a0 \u00a0 \u00a0Afectivitat, motivaci\u00f3\u00a0 \u00a0 Desenvolupament\u00a0 \u00a0 \u00a0Personalitat\u00a0 \u00a0 Psicologia social \u00a0 \u00a0Salut mental\u00a0 Discussi\u00f3\u00a0 \u00a0 \u00a0Museu Introducci\u00f3, Hist\u00f2ria &hellip; <\/p>\n<p class=\"link-more\"><a href=\"http:\/\/meumon.synology.me\/museu\/psicologia\/\" class=\"more-link\">Continue reading<span class=\"screen-reader-text\"> &#8220;Psicologia&#8221;<\/span><\/a><\/p>\n","protected":false},"author":1,"featured_media":0,"comment_status":"closed","ping_status":"closed","sticky":false,"template":"","format":"standard","meta":{"footnotes":""},"categories":[183],"tags":[],"anotacio":[],"civilitzacio":[],"spec":[],"aspecies":[],"Tema poesia":[],"_links":{"self":[{"href":"http:\/\/meumon.synology.me\/museu\/wp-json\/wp\/v2\/posts\/3250"}],"collection":[{"href":"http:\/\/meumon.synology.me\/museu\/wp-json\/wp\/v2\/posts"}],"about":[{"href":"http:\/\/meumon.synology.me\/museu\/wp-json\/wp\/v2\/types\/post"}],"author":[{"embeddable":true,"href":"http:\/\/meumon.synology.me\/museu\/wp-json\/wp\/v2\/users\/1"}],"replies":[{"embeddable":true,"href":"http:\/\/meumon.synology.me\/museu\/wp-json\/wp\/v2\/comments?post=3250"}],"version-history":[{"count":0,"href":"http:\/\/meumon.synology.me\/museu\/wp-json\/wp\/v2\/posts\/3250\/revisions"}],"wp:attachment":[{"href":"http:\/\/meumon.synology.me\/museu\/wp-json\/wp\/v2\/media?parent=3250"}],"wp:term":[{"taxonomy":"category","embeddable":true,"href":"http:\/\/meumon.synology.me\/museu\/wp-json\/wp\/v2\/categories?post=3250"},{"taxonomy":"post_tag","embeddable":true,"href":"http:\/\/meumon.synology.me\/museu\/wp-json\/wp\/v2\/tags?post=3250"},{"taxonomy":"anotacio","embeddable":true,"href":"http:\/\/meumon.synology.me\/museu\/wp-json\/wp\/v2\/anotacio?post=3250"},{"taxonomy":"civilitzacio","embeddable":true,"href":"http:\/\/meumon.synology.me\/museu\/wp-json\/wp\/v2\/civilitzacio?post=3250"},{"taxonomy":"spec","embeddable":true,"href":"http:\/\/meumon.synology.me\/museu\/wp-json\/wp\/v2\/spec?post=3250"},{"taxonomy":"aspecies","embeddable":true,"href":"http:\/\/meumon.synology.me\/museu\/wp-json\/wp\/v2\/aspecies?post=3250"},{"taxonomy":"Tema poesia","embeddable":true,"href":"http:\/\/meumon.synology.me\/museu\/wp-json\/wp\/v2\/Tema poesia?post=3250"}],"curies":[{"name":"wp","href":"https:\/\/api.w.org\/{rel}","templated":true}]}}