{"id":3691,"date":"2026-01-09T20:49:13","date_gmt":"2026-01-09T20:49:13","guid":{"rendered":"http:\/\/meumon.synology.me\/museu\/?p=3691"},"modified":"2026-04-22T20:07:59","modified_gmt":"2026-04-22T20:07:59","slug":"any-1986","status":"publish","type":"post","link":"http:\/\/meumon.synology.me\/museu\/any-1986\/","title":{"rendered":"Any 1986"},"content":{"rendered":"<p><a href=\"http:\/\/meumon.synology.me\/museu\/any-1982\/\">1982<\/a> |\u00a0 <a href=\"http:\/\/meumon.synology.me\/museu\/any-1983\/\">1983<\/a>\u00a0 |\u00a0 <a href=\"http:\/\/meumon.synology.me\/museu\/any-1984\/\">1984<\/a>\u00a0 |\u00a0 <a href=\"http:\/\/meumon.synology.me\/museu\/any-1985\/\">1985<\/a>\u00a0 |\u00a0 <a href=\"http:\/\/meumon.synology.me\/museu\/any-1986\/\">1986<\/a>\u00a0 |\u00a0 \u00a0<a href=\"http:\/\/meumon.synology.me\/museu\/any-1987\/\">1987<\/a>\u00a0 |\u00a0 \u00a0<a href=\"http:\/\/meumon.synology.me\/museu\/any-1988\/\">1988<\/a>\u00a0 | <a href=\"http:\/\/meumon.synology.me\/museu\/any-1989\/\">1989<\/a>\u00a0 |\u00a0 <a href=\"http:\/\/meumon.synology.me\/museu\/any-1990\/\">1990<\/a>\u00a0 |\u00a0 <a href=\"http:\/\/meumon.synology.me\/museu\/any-1991\/\">1991<\/a>\u00a0 <a href=\"http:\/\/meumon.synology.me\/museu\/any-1992\/\">1992<\/a>\u00a0 |\u00a0 <a href=\"http:\/\/meumon.synology.me\/museu\/any-1993\/\">1993<\/a>\u00a0 |\u00a0 <a href=\"http:\/\/meumon.synology.me\/museu\/any-1994\/\">1994<\/a>\u00a0 |\u00a0 <a href=\"http:\/\/meumon.synology.me\/museu\/any-1995\/\">1995<\/a>\u00a0 |\u00a0 <a href=\"http:\/\/meumon.synology.me\/museu\/any-1996\/\">1996<\/a>\u00a0 |\u00a0 <a href=\"http:\/\/meumon.synology.me\/museu\/any-1997\/\">1997<\/a>\u00a0 |\u00a0\u00a0<a href=\"http:\/\/meumon.synology.me\/museu\/any-1998\/\">1998<\/a>\u00a0 | <a href=\"http:\/\/meumon.synology.me\/museu\/any-1999\/\">1999<\/a>\u00a0 |\u00a0\u00a0<a href=\"http:\/\/meumon.synology.me\/museu\/2000-a-2015\/\">2000 \u2013 2015<\/a>\u00a0\u00a0 \u00a0| \u00a0<a href=\"http:\/\/meumon.synology.me\/museu\/2v-la-vida-el-que-he-viscut\/2v_mv6-albums-2016-20xx\/\">2016 \u2013 2027<\/a><\/p>\n<hr \/>\n<p>Accident nuclear de Txern\u00f2bil a Ucra\u00efna. El transbordador Space Shuttle Challenger esclata poc despr\u00e9s del llan\u00e7ament. Comen\u00e7a la pol\u00edtica de reformes coneguda com a perestroika impulsada per Mikhail Gorbatxov a la Uni\u00f3 Sovi\u00e8tica. Espanya entra a la Comunitat Econ\u00f2mica Europea.<\/p>\n<hr \/>\n<h2>La vida<\/h2>\n<p>29 anys<\/p>\n<div><strong>Hivern<\/strong><\/div>\n<div>Tortosa i Parador de la Zuda (amb Teresa)<\/div>\n<div><\/div>\n<div><strong>Primavera<\/strong><\/div>\n<div>Viatge a Par\u00eds (Pilar). Tren talgo que perdem a la tornada. Notre-Dame, La Sorbona i rive gauche. Un hipop\u00f2tam de roba que en estirar-li la cua sonava &#8220;les oques van descalces&#8221;. Bld.Richard Lenoir, Pla\u00e7a dels Vosges, passeig en barco pel Sena.<\/div>\n<div><\/div>\n<div><strong>Estiu<\/strong><\/div>\n<div>Caminades amb la Teresa a la motxilla. Vacances a Comarruga i Solius.<\/div>\n<div><\/div>\n<div><strong>Tardor<\/strong><\/div>\n<div>Viatge a Andalusia amb el &#8220;Gourmetour&#8221;, hotels, restaurants i compres gastron\u00f2miques a monestirs. Sortim de nit amb el R6, la Pilar i la Teresa dormint. Tenia un paper enganxat al tauler amb la ruta i les etapes curosament indicades. Tamb\u00e9 duia una col.lecci\u00f3 de cintes per acompanyar el viatge, en particular una selecci\u00f3 que m&#8217;havia gravat en Benjam\u00ed Batet. Tormenta a Val\u00e8ncia, esmorzar a la Mancha, orcera, on havia nascut en Ferm\u00edn. Sierra de Cazorla. \u00dabeda, Baeza (Machado). C\u00f3rdoba, les ruines de Medina Azahara, primer contacte amb els jardins \u00e0rabs, Mezquita, Palau dels marquesos de Viana amb catorze patis interiors i una biblioteca on hi hauria pogut viure la resta de la meva vida. Els patios amb testos. Montilla. Sevilla i Reales Alc\u00e1zares. Cadiz. Ronda, a l&#8217;hotel Vict\u00f2ria, on havia residit Rilke. Granada, jardines de l&#8217;Alhambra. Es trenca la culata i ens quedem 3 dies a Alcal\u00e0 de Chibert.<\/div>\n<div><\/div>\n<div>\n<p>Un dia al laberint d&#8217;Horta acompanyant l&#8217;avi Josep i el pare en el seu passeig domnical. Pel nostre cinqu\u00e8 aniversari de casament ens vam tornar a vestir com els nuvis.<\/p>\n<hr \/>\n<\/div>\n<div>\n<h2>Estudi i coses que he fet<\/h2>\n<\/div>\n<div>\n<p>Pensava que com a optatives podia fer servir assignatures de F\u00edsica per\u00f2 nom\u00e9s em van convalidar &#8220;Matem\u00e0tiques per les ci\u00e8ncies humanes&#8221; i em mancaven tres assignatures per poder passar a quart.\u00a0Aix\u00ed que vaig fer un tercer bis for\u00e7a descansat. Vaig tenir en Maristany a metaf\u00edsica, llegint Plat\u00f3,\u00a0 el Cr\u00e0til, el Teetet, prenent notes de les cites. Vaig fer un treball que li va agradar i vaig treure una matr\u00edcula d&#8217;honor. L&#8217;Etica amb la Vict\u00f2ria Camps la vaig passar com un tr\u00e0mit. Vaig completar el curr\u00edculum amb Psicologia General. Els fil\u00f2sofs n&#8217;haur\u00edem de saber molt de psicologia. Vaig empassar-me el Pinillos. Estava motivat perqu\u00e8 a casa tenia la Teresa com a objecte d&#8217;estudi.<\/p>\n<p>Com que tenia temps aquest curs vaig passar molt de temps a la biblioteca. Vaig fer un buidat de tots els temes interessants a les revistes de filosofia, tractant sobretot epistemologia, l\u00f2gica i llenguatge. Vaig llegir &#8220;Methaphors we live by&#8221; de Lakoff i Johnson .<\/p>\n<\/div>\n<div>\n<p>Ja tenia inter\u00e8s pels jardins i en el viatge a Par\u00eds vaig buscra llibres sobre paisatge oriental al Centre Pompidou. Vaig comprar tota la &#8220;Recherche du temps perdu&#8221; (que no llegiria fins el 2000) i gaireb\u00e9 una antologia sencera de literatura francesa.<\/p>\n<hr \/>\n<p>Feina: impressores<\/p>\n<\/div>\n<div>Salut: &#8212;<\/div>\n<div>\n<hr \/>\n<\/div>\n<div>\n<div><\/div>\n<\/div>\n<div>Lectures, m\u00fasica, cinema<\/div>\n<div><\/div>\n<div>Recordo un dia en que sortint del torn de matinada vaig passar pel Baricentre i vaig comprar un disc de la Maria Creusa. Vaig arribar a casa i la Pilar no hi era, potser havia anat a fer gimn\u00e0s postpart. Mort de son i amb el sol entrant al menjador amb for\u00e7a, vaig estar escoltant les can\u00e7ons serenes de Vinicius de Moraes, mig despert, mig adormit i mig somiant. Va ser un d&#8217;aquests moments eterns en que hom surt dels petits moviments quotidians i es troba existint enimg de l&#8217;univers, petit, per\u00f2 tranquil. No s\u00f3c important i morir\u00e9 al cap d&#8217;uns anys, per\u00f2 aquesta estona estic gaudint la vida com si fos eterna.<\/div>\n<div>\n<div>\n<hr \/>\n<\/div>\n<\/div>\n<h2>Fam\u00edlia<\/h2>\n<div><\/div>\n<div>Per aquesta \u00e8poca vam comen\u00e7ar a pensar en trobar una casa m\u00e9s espaiosa tot aprofitant el pr\u00e9stec de la caixa. Aix\u00ed que vam mirar anuncis a la Vangu\u00e0rdia, vam fer dissenys per si ens compr\u00e0vem un terreny, vam visitar torres a Sant Cugat, al Maresme, a Caldes de Montbui i Sant Quirze del Vall\u00e8s. Vam invertir-hi molt de temps. Al carrer Vilafranca es venia una torre amb llogaters per cinc milions. Ens feia una il\u00b7lusi\u00f3 boja per\u00f2 finalment el propietari se&#8217;n va desdir. Vam arribar a rec\u00f3rrer tots els carrers de Gr\u00e0cia buscant cases que semblessin sense habitar.<\/div>\n<div>Tot i que no ten\u00edem el pati tan ben arreglat com ara ens agradava menjar a fora posant una fusta damunt de dos cavallets. A vegades gir\u00e0vem la televisi\u00f3 i la v\u00e8iem des de fora.<\/div>\n<div><\/div>\n<div>[res anotat de la Pilar o els pares]<\/div>\n<div><\/div>\n<div><strong>Teresa<\/strong> 1 any<\/div>\n<div>Es va fent gran. Quan ja no cap al cab\u00e0s la vam traslladar a l&#8217;habitaci\u00f3 petita on havia forrat el terra i les parets de suro (amb gran esfor\u00e7 i mig flipat amb la cola d&#8217;impacte). Vaig desmuntar el llit i vam deixar el matal\u00e0s a terra perqu\u00e8 no pogu\u00e9s fer-se mal en caure. Tenia un edredon molt bonic i es despertava amb un somriure en la seva cara rodona. Ser pares d&#8217;una nena petita cansa molt. Ens l&#8217;end\u00faiem arreu i tenim unes dispositives de la Teresa enmig d&#8217;escultures de Chillida en una exposici\u00f3 a la Fundaci\u00f3 Mir\u00f3.<\/div>\n<div>Quan va fer l&#8217;any li vam regalar un joc de fusta on uns cilindres s&#8217;introdu\u00efen en un banc a cops de martell. La Pilar va preparar conill i pizzes i vam anar a celebrar-ho al l&#8217;esplanada del Castell de Castellar. La Teresa duia un vestit mariner de ratlles blaves i blanques. Vam estendre una manta damunt l&#8217;herba i vam fer un berenar-sopar. La Teresa comen\u00e7ava a correr vacil\u00b7lant pel mig del prat.<\/div>\n<hr \/>\n<h2>Viatges<\/h2>\n<p>Tortosa (amb la Teresa). Paris en tren (Pilar)<\/p>\n\n\n\t\t\t\t<div id=\"map_ol3js_1\" class=\"map undefined\" data-map_name=\"undefined\" data-map=\"map_ol3js_1\" style=\"width:95%; height:450px; overflow:hidden;border:thin solid orange;\" >\n\t\t\t\t  <div id=\"map_ol3js_1_popup\" class=\"ol-popup\" >\n\t\t\t\t\t<a href=\"#\" id=\"map_ol3js_1_popup-closer\" class=\"ol-popup-closer\"><\/a>\n\t\t\t\t\t<div id=\"map_ol3js_1_popup-content\" ><\/div>\n\t\t\t\t  <\/div>\n\t\t\t\t<\/div>\n\t\t\t\n\t\t\t\t<link rel=\"stylesheet\" href=\"http:\/\/meumon.synology.me\/museu\/wp-content\/plugins\/osm\/js\/OL\/6.4.3\/ol.css\" type=\"text\/css\">\n\t\t\t\t<link rel=\"stylesheet\" href=\"http:\/\/meumon.synology.me\/museu\/wp-content\/plugins\/osm\/css\/osm_map_v3.css\" type=\"text\/css\">\n\t\t\t\t<link rel=\"stylesheet\" href=\"http:\/\/meumon.synology.me\/museu\/wp-content\/plugins\/osm\/css\/osm_map.css\" type=\"text\/css\">\n\t\t\t\t<!-- The line below is only needed for old environments like Internet Explorer and Android 4.x -->\n                                <script src=\"http:\/\/meumon.synology.me\/museu\/wp-content\/plugins\/osm\/js\/polyfill\/v2\/polyfill.min.js?features=requestAnimationFrame,Element.prototype.classList,URL\"><\/script>\n\n\t\t\t\t<script src=\"http:\/\/meumon.synology.me\/museu\/wp-content\/plugins\/osm\/js\/OL\/6.4.3\/ol.js\" type=\"text\/javascript\"><\/script>\n\t\t\t\t<script src=\"http:\/\/meumon.synology.me\/museu\/wp-content\/plugins\/osm\/js\/osm-v3-plugin-lib.js\" type=\"text\/javascript\"><\/script>\n\t\t\t\t<script src=\"http:\/\/meumon.synology.me\/museu\/wp-content\/plugins\/osm\/js\/osm-metabox-events.js\" type=\"text\/javascript\"><\/script>\n\t\t\t\t<script src=\"http:\/\/meumon.synology.me\/museu\/wp-content\/plugins\/osm\/js\/osm-startup-lib.js\" type=\"text\/javascript\"><\/script>\n\t\t\t\t<script type=\"text\/javascript\">\n\t\t\t\t\ttranslations['openlayer'] = \"open layer\";\n\t\t\t\t\ttranslations['openlayerAtStartup'] = \"open layer at startup\";\n\t\t\t\t\ttranslations['generateLink'] = \"link to this map with opened layers\";\n\t\t\t\t\ttranslations['shortDescription'] = \"short description\";\n\t\t\t\t\ttranslations['generatedShortCode'] = \"to get a text control link paste this code in your wordpress editor\";\n\t\t\t\t\ttranslations['closeLayer'] = \"close layer\";\n\t\t\t\t\ttranslations['cantGenerateLink'] = \"put this string in the existing map short code to control this map\";\n\t\t\t\t<\/script>\n\n\t\t\t  <script type=\"text\/javascript\">vectorM['map_ol3js_1'] = [];\n\n\tvar attribution = new ol.control.Attribution({\n        collapsible: false\n      });\n\n\n      \n      var raster = new ol.layer.Tile({\n        source: new ol.source.OSM({ }),\n        zIndex: 90\n      });\n      var Controls = ol.control.defaults({ attribution: false }).extend([\n          attribution\n      ]); \n\t\t\t  map_ol3js_1 = new ol.Map({\n\t\tcontrols: Controls,\n\t\t\n\t\t\t\tinteractions: ol.interaction.defaults({mouseWheelZoom:false}),\n\t\t\t\tlayers: [raster],\n\t\t\t\ttarget: \"map_ol3js_1\",\n\t\t\t\tview: new ol.View({\n\t\t\t\t  center: ol.proj.transform([-3.82,39.96], \"EPSG:4326\", \"EPSG:3857\"),\n\t\t\t\t  zoom: 6\n\t\t\t\t})\n\t\t\t  });\n\t\t\t  \n    var style0 = {\n      \"Point\": [new ol.style.Style({\n\n          image: new ol.style.Icon({\n            anchor: [0.5, 41],\n            anchorXUnits: \"fraction\",\n            anchorYUnits: \"pixels\",\n            opacity: 0.75,\n            src: \"http:\/\/meumon.synology.me\/museu\/wp-content\/plugins\/osm\/icons\/mic_blue_pinother_02.png\"\n          })\n      })],\n\n      \"LineString\": [new ol.style.Style({\n        stroke: new ol.style.Stroke({\n          color: \"blue\",\n          width: 8\n        })\n      })],\n      \"MultiLineString\": [new ol.style.Style({\n        stroke: new ol.style.Stroke({\n          color: \"blue\",\n          width: 4\n        })\n      })]\n    };\n\t\t  vectorL0 = new ol.layer.Vector({\n\n\t\t\tsource: new ol.source.Vector({\n\t\t  url:\"http:\/\/meumon.synology.me\/museu\/fonsimatges\/mapes\/1986viatges.kml\",\n\t\t\t  format: new ol.format.KML({ showPointNames: false})\n\t\t\t}),\n         zIndex: 92\n\t\t  });map_ol3js_1.addLayer(vectorL0);\n\t\t  var osm_controls = [\n\t\t\tnew ol.control.Attribution(),\n\t\t\tnew ol.control.MousePosition({\n\t\t\t  undefinedHTML: \"outside\",\n\t\t\t  projection: \"EPSG:4326\",\n\t\t\t  coordinateFormat: function(coordinate) {\n\t\t\t\t return ol.coordinate.format(coordinate, \"{y}, {x}\", 5);\n\t\t\t  }\n\t\t\t}),\n\t\t\tnew ol.control.OverviewMap({\n\t\t\t  collapsed: false\n\t\t\t}),\n\t\t\tnew ol.control.Rotate({\n\t\t\t  autoHide: false\n\t\t\t}),\n\t\t\tnew ol.control.ScaleLine(),\n\t\t\tnew ol.control.Zoom(),\n\t\t\tnew ol.control.ZoomSlider(),\n\t\t\tnew ol.control.ZoomToExtent({\n      extent: [-11243808.051695308, 1.202710291, 9561377.290892059, 6852382.107835932]\n    }),\n\t\t\tnew ol.control.FullScreen()\n\t\t  ]; \nosm_addPopupClickhandler(map_ol3js_1,  \"map_ol3js_1\"); \nosm_addMouseHover(map_ol3js_1); <\/script>\n","protected":false},"excerpt":{"rendered":"<p>1982 |\u00a0 1983\u00a0 |\u00a0 1984\u00a0 |\u00a0 1985\u00a0 |\u00a0 1986\u00a0 |\u00a0 \u00a01987\u00a0 |\u00a0 \u00a01988\u00a0 | 1989\u00a0 |\u00a0 1990\u00a0 |\u00a0 1991\u00a0 1992\u00a0 |\u00a0 1993\u00a0 |\u00a0 1994\u00a0 |\u00a0 1995\u00a0 |\u00a0 1996\u00a0 |\u00a0 1997\u00a0 |\u00a0\u00a01998\u00a0 | 1999\u00a0 |\u00a0\u00a02000 \u2013 2015\u00a0\u00a0 \u00a0| \u00a02016 \u2013 2027 Accident nuclear de Txern\u00f2bil a Ucra\u00efna. El transbordador Space Shuttle Challenger esclata poc despr\u00e9s del &hellip; <\/p>\n<p class=\"link-more\"><a href=\"http:\/\/meumon.synology.me\/museu\/any-1986\/\" class=\"more-link\">Continue reading<span class=\"screen-reader-text\"> &#8220;Any 1986&#8221;<\/span><\/a><\/p>\n","protected":false},"author":1,"featured_media":0,"comment_status":"closed","ping_status":"closed","sticky":false,"template":"","format":"standard","meta":{"footnotes":""},"categories":[55],"tags":[156],"anotacio":[],"civilitzacio":[],"spec":[],"aspecies":[],"Tema poesia":[],"_links":{"self":[{"href":"http:\/\/meumon.synology.me\/museu\/wp-json\/wp\/v2\/posts\/3691"}],"collection":[{"href":"http:\/\/meumon.synology.me\/museu\/wp-json\/wp\/v2\/posts"}],"about":[{"href":"http:\/\/meumon.synology.me\/museu\/wp-json\/wp\/v2\/types\/post"}],"author":[{"embeddable":true,"href":"http:\/\/meumon.synology.me\/museu\/wp-json\/wp\/v2\/users\/1"}],"replies":[{"embeddable":true,"href":"http:\/\/meumon.synology.me\/museu\/wp-json\/wp\/v2\/comments?post=3691"}],"version-history":[{"count":0,"href":"http:\/\/meumon.synology.me\/museu\/wp-json\/wp\/v2\/posts\/3691\/revisions"}],"wp:attachment":[{"href":"http:\/\/meumon.synology.me\/museu\/wp-json\/wp\/v2\/media?parent=3691"}],"wp:term":[{"taxonomy":"category","embeddable":true,"href":"http:\/\/meumon.synology.me\/museu\/wp-json\/wp\/v2\/categories?post=3691"},{"taxonomy":"post_tag","embeddable":true,"href":"http:\/\/meumon.synology.me\/museu\/wp-json\/wp\/v2\/tags?post=3691"},{"taxonomy":"anotacio","embeddable":true,"href":"http:\/\/meumon.synology.me\/museu\/wp-json\/wp\/v2\/anotacio?post=3691"},{"taxonomy":"civilitzacio","embeddable":true,"href":"http:\/\/meumon.synology.me\/museu\/wp-json\/wp\/v2\/civilitzacio?post=3691"},{"taxonomy":"spec","embeddable":true,"href":"http:\/\/meumon.synology.me\/museu\/wp-json\/wp\/v2\/spec?post=3691"},{"taxonomy":"aspecies","embeddable":true,"href":"http:\/\/meumon.synology.me\/museu\/wp-json\/wp\/v2\/aspecies?post=3691"},{"taxonomy":"Tema poesia","embeddable":true,"href":"http:\/\/meumon.synology.me\/museu\/wp-json\/wp\/v2\/Tema poesia?post=3691"}],"curies":[{"name":"wp","href":"https:\/\/api.w.org\/{rel}","templated":true}]}}