{"id":3692,"date":"2026-01-09T20:52:47","date_gmt":"2026-01-09T20:52:47","guid":{"rendered":"http:\/\/meumon.synology.me\/museu\/?p=3692"},"modified":"2026-04-27T20:01:05","modified_gmt":"2026-04-27T20:01:05","slug":"any-1985","status":"publish","type":"post","link":"http:\/\/meumon.synology.me\/museu\/any-1985\/","title":{"rendered":"Any 1985"},"content":{"rendered":"<p><a href=\"http:\/\/meumon.synology.me\/museu\/any-1982\/\">1982<\/a> |\u00a0 <a href=\"http:\/\/meumon.synology.me\/museu\/any-1983\/\">1983<\/a>\u00a0 |\u00a0 <a href=\"http:\/\/meumon.synology.me\/museu\/any-1984\/\">1984<\/a>\u00a0 |\u00a0 <a href=\"http:\/\/meumon.synology.me\/museu\/any-1985\/\">1985<\/a>\u00a0 |\u00a0 <a href=\"http:\/\/meumon.synology.me\/museu\/any-1986\/\">1986<\/a>\u00a0 |\u00a0 \u00a0<a href=\"http:\/\/meumon.synology.me\/museu\/any-1987\/\">1987<\/a>\u00a0 |\u00a0 \u00a0<a href=\"http:\/\/meumon.synology.me\/museu\/any-1988\/\">1988<\/a>\u00a0 | <a href=\"http:\/\/meumon.synology.me\/museu\/any-1989\/\">1989<\/a>\u00a0 |\u00a0 <a href=\"http:\/\/meumon.synology.me\/museu\/any-1990\/\">1990<\/a>\u00a0 |\u00a0 <a href=\"http:\/\/meumon.synology.me\/museu\/any-1991\/\">1991<\/a>\u00a0 <a href=\"http:\/\/meumon.synology.me\/museu\/any-1992\/\">1992<\/a>\u00a0 |\u00a0 <a href=\"http:\/\/meumon.synology.me\/museu\/any-1993\/\">1993<\/a>\u00a0 |\u00a0 <a href=\"http:\/\/meumon.synology.me\/museu\/any-1994\/\">1994<\/a>\u00a0 |\u00a0 <a href=\"http:\/\/meumon.synology.me\/museu\/any-1995\/\">1995<\/a>\u00a0 |\u00a0 <a href=\"http:\/\/meumon.synology.me\/museu\/any-1996\/\">1996<\/a>\u00a0 |\u00a0 <a href=\"http:\/\/meumon.synology.me\/museu\/any-1997\/\">1997<\/a>\u00a0 |\u00a0\u00a0<a href=\"http:\/\/meumon.synology.me\/museu\/any-1998\/\">1998<\/a>\u00a0 | <a href=\"http:\/\/meumon.synology.me\/museu\/any-1999\/\">1999<\/a>\u00a0 |\u00a0\u00a0<a href=\"http:\/\/meumon.synology.me\/museu\/2000-a-2015\/\">2000 \u2013 2015<\/a>\u00a0\u00a0 \u00a0| \u00a0<a href=\"http:\/\/meumon.synology.me\/museu\/2v-la-vida-el-que-he-viscut\/2v_mv6-albums-2016-20xx\/\">2016 \u2013 2027<\/a><\/p>\n<hr \/>\n<p>Mikha\u00efl Gorbatxov arriba al poder a la URSS, iniciant les reformes de la &#8220;Perestroika&#8221; i la &#8220;Glasnost&#8221;. Una trag\u00e8dia global, la fam a Eti\u00f2pia, va provocar una onada de solidaritat sense precedents amb el concert Live Aid, transm\u00e8s a 150 pa\u00efsos. Microsoft Windows 1.0.<\/p>\n<hr \/>\n<h2>La vida<\/h2>\n<p>28 anys<\/p>\n<p><strong>Hivern<\/strong><br \/>\nVam decidir que ja era hora de tenir fills i al cap d&#8217;un mes la Pilar quedava embarassada. Ens va fer molta il\u00b7lusi\u00f3. Aquell hivern va caure una gran nevada. Durant una setmana tot tenia un pam de neu. Com que em feia por anar en cotxe i hi havia risc que la Pilar rellisqu\u00e9s pel terra gelat vam quedar-nos a Barcelona a casa els pares.<\/p>\n<p><strong>Primavera<\/strong><br \/>\nAmb la nova feina tenia m\u00e9s ingressos i m\u00e9s vacances. Viatge confortable a Holanda, Hotel Doelen Crest. Al mat\u00ed\u00a0 bufet lliure i despr\u00e9s sort\u00edem a passejar per aquesta ciutat fascinant amb els seus canals, les baranes, les bicicletes, les cases esveltes de ma\u00f3 amb portes negres, finestres blanques amb flors. La llum canviava sovint entre el sol i el n\u00favol, reflectint-se en les aigues dels canals i tot creant una atmosfera irreal. Restaurant indonesi i Rijkstaffel. Rijksmuseum, amb els Rembrandt i els flamencs com Vermeer que recullen una llum clara i alhora tangible. Vam anar al Van Gogh amb tranquilitat i al museu d&#8217;Art Modern pels Mondrian i la cadira de Gerrit Rietveld. La casa d&#8217;Anna Frank. Un dia vam llogar un cotxe per anar a veure el camp. Ens van donar un Fiat Uno nou de trinca. Vam sortir pels camps de tulipes, vorejant dics sota un cel vent\u00f3s amb n\u00favols majestuosos damunt d&#8217;una plana estricta. Vam anar a Vollendam amb cases t\u00edpiques i construcci\u00f3 artesanal d&#8217;esclops, a Harlem venerable i a retratar camps de tulipes.<\/p>\n<p><strong>Estiu<\/strong><br \/>\nA l&#8217;estiu la Pilar ja tenia la panxa molt gran. Com sempre vam estar uns dies a Solius i a mitjans d&#8217;Agost \u00e9rem a Comarruga. No vam voler saber si seria nen o nena. An\u00e0vem seguint l&#8217;embar\u00e0s amb il\u00b7lusi\u00f3, fent visites al Badia de l&#8217;Alian\u00e7a, an\u00e0lisis de sang. Vam comprar un llibre de puericultura perqu\u00e8 est\u00e0vem a punt de comen\u00e7ar un dels oficis m\u00e9s dif\u00edcils, el de pares. Sent\u00edem l&#8217;emoci\u00f3 de les ecografies, veient moure&#8217;s una mongeta. M\u00e9s endavant jo tocava la panxa de la Pilar i sentia les patades i moviments de la criatura que seria la Teresa.<\/p>\n<p><strong>Tardor<\/strong><br \/>\nDimarts 3 al mat\u00ed es va notar un dolor per\u00f2 no en va fer cas. Jo me&#8217;n vaig anar a treballar. Cap a les cinc, mentre muntava cintes, em van trucar de casa. Els dolors eren m\u00e9s intensos i potser ja hav\u00edem d&#8217;anar a la cl\u00ednica. Vaig arribar a casa cap a quarts de set. Ja feia dies que ten\u00edem la bossa preparada. A quarts de vuit ingress\u00e0vem a l&#8217;Alian\u00e7a. Vam omplir els papers, vam pujar al primer pis i van instal\u00b7lar la Pilar a la sala de dilataci\u00f3. La van afaitar i li van fer trencar aig\u00fces. Els dolors de dilataci\u00f3 cada vegada eren m\u00e9s forts i jo no hi podia fer res. Quan ja els va semblar que era a punt se la van endur al quir\u00f2fan. La Dominga i jo vam quedar-nos a fora. La Pilar va fer uns quants intents d&#8217;apretar. Quan al metge li va semblar que ja era a punt, em van cridar, em van posar una bata i vaig entrar al quir\u00f2fan. Al cap d&#8217;un minut li van tornar a venir dolors i vinga a emp\u00e8nyer, per\u00f2 encara no va sortir. Cansada, va esperar fins a la seg\u00fcent tongada i aleshores s\u00ed. Per entre les cames va apar\u00e8ixer una bola de la mida d&#8217;una taronja, xopa de sang. El metge la va estirar, vaig veure que era una nena. La Teresa havia nascut a les 20.40 del tres de Setembre de 1985, pesant 3.250 grams. Plorava amb r\u00e0bia, els ulls tancats i agitava els bra\u00e7os amb les mans molt obertes com si, empipada, volgu\u00e9s apartar un destorb. Fou l&#8217;experi\u00e8ncia m\u00e9s maca de la meva vida. Despr\u00e9s de la tensi\u00f3, cap a les dotze vaig sortir a fer un mos a un bar. Vaig engolir dos frankfurts i una enorme gerra de cervesa. Tot havia anat molt b\u00e9.<\/p>\n<hr \/>\n<h2>Estudi i coses que he fet<\/h2>\n<p><strong>Estudi<br \/>\n<\/strong>Estudi d&#8217;un m\u00e8tode per establir una recerca filos\u00f2fica&#8221; EMERF. Es basava en la noci\u00f3 d&#8217;inventari previ a la reflexi\u00f3, la l\u00f2gica i teoria del coneixement, la mesura com interacci\u00f3 d&#8217;una realitat constru\u00efda -la lectura de Piaget va ser una revelaci\u00f3- per deducci\u00f3 i deducci\u00f3. Fou un treball llarg i el m\u00e8tode de l&#8217;inventari es mantindr\u00e0. La construcci\u00f3 del pensament i la noci\u00f3 de realitat acabaran en l&#8217;antropologia determinista en la que ara treballo. De fet la p\u00e0gina 110 acaba amb un projecte de geografia del coneixement que ara estic duent a terme. [i que segueixo 40 anys despr\u00e9s amb aquest museu]<br \/>\n3r de filosofia. &#8220;Hist\u00f2ria de la filosofia Moderna&#8221; amb en Pere Llu\u00eds que vaig admirar per la profunditat i qualitat de les seves explicacions, &#8220;Contempor\u00e0nia&#8221; amb un dif\u00fas Gab\u00e0s, &#8220;Epistemologia&#8221; amb en G.Vilar que m&#8217;interess\u00e0 per la lectura de Popper, la condici\u00f3 de falsabilitat com a requisit de la ci\u00e8ncia i un treball sobre &#8220;Les hip\u00f2tesis filos\u00f2fiques a la ci\u00e8ncia&#8221; on apuntava que les categories del real s\u00f3n m\u00e9s d&#8217;utilitat que d&#8217;altra cosa. A m\u00e9s vaig fer una &#8220;Hist\u00f2ria de la Ci\u00e8ncia&#8221; merament de tr\u00e0mit.<\/p>\n<p><strong>M\u00fasica<br \/>\n<\/strong>A part de la filosofia seguia amb la trompeta que vaig deixar a final de curs. No vaig passar el cinqu\u00e8, no estudiava gaire i ja ten\u00edem m\u00e9s feina a casa.<\/p>\n<p><a href=\"http:\/\/meumon.synology.me\/museu\/les-meves-experiencies-en-art\/\"><strong>Art<\/strong><\/a><br \/>\nVaig comprar-me un joc de plomes de cal.ligrafia.<\/p>\n<hr \/>\n<p>Feina (impressores)<br \/>\nSalut i esport: &#8212;<\/p>\n<hr \/>\n<h2>Lectures, cinema, m\u00fasica<\/h2>\n<p>&#8220;Los Cazafantasmas&#8221; i vaig comprar un doble de l&#8217;Stevie Wonder. Evoco un gust d&#8217;optimisme i frescor.<\/p>\n<hr \/>\n<h2>Fam\u00edlia<\/h2>\n<p>Ens vam canviar el cotxe. El 600 corria prou i recordo que agafava les corbes molt b\u00e9. L&#8217;hav\u00edem fet trotar per la muntanya com un 4&#215;4. Alguna vegada ens havia deixat tirats per haver-se trencat el cable de l&#8217;embrague per\u00f2 res mes. El que em va fer decidir \u00e9s que un dia que estava canviant una roda punxada, en comptes de pujar el cotxe el gat anava foradant la planxa. En vam treure 20.000 i vam comprar el R6 dels pares per 170.000. El vam trobar espai\u00f3s i comfortable. Vam haver de comprar una rentadora nova. La barata Fagor que hav\u00edem comprat en casar-nos va fallar en quatre anys.<br \/>\nL&#8217;avi s&#8217;havia traslladat a una resid\u00e8ncia al carrer Balmes prop de pla\u00e7a Molina d&#8217;en\u00e7\u00e0 que en una caiguda se li va trencar el f\u00e8mur i tenia molta dificultat per moure&#8217;s. Al bateig de la Teresa van\u00a0venir els pares, els germans, l&#8217;avi i els oncles de la Pilar. No vam anar a cap restaurant sin\u00f3 que vam encarregar crosanets i canap\u00e9s a Can Villar\u00f3 i ho vam celebrar al pati de casa tot sortint de la celebraci\u00f3 comunit\u00e0ria que va fer mossen Miquel. Van fer de padrins la Dominga i el pare.<br \/>\nLa Pilar va tenir una infecci\u00f3 despr\u00e9s del part\u00a0 i ens vam quedar 10 dies a l&#8217;Hospital.<\/p>\n<p><strong>Teresa<br \/>\n<\/strong>Era una nena preciosa i fascinant, com tots els nens petits, suposo. Est\u00e0vem atents al m\u00e9s petit moviment de les mans o de respiraci\u00f3. Ens admirava com n&#8217;arribaven a ser de perfectes els ditets amb les ungles. A penes obria els ulls. El que va fer de seguida \u00e9s buscar el mugr\u00f3 donant cops de cap amb la boca oberta de bat a bat. De moment per\u00f2 nom\u00e9s li don\u00e0ven biberons petits amb aigua i sucre.\u00a0 Creixia ben sana. Estava feta una bola com si la inflessin des de dins. I aix\u00f2 nom\u00e9s amb la llet de la Pilar. No prenia suplement. Nom\u00e9s una mica de suc de fruita, ra\u00efm, per exemple, a partir del quart mes.<\/p>\n<p><a href=\"https:\/\/photos.app.goo.gl\/qos6FfFkpyYFzgg36\">Fotos<\/a><\/p>\n<hr \/>\n<h2>Viatges<\/h2>\n<p>Amsterdam<\/p>\n<p>52.437331105688465, 4.977959543909494<\/p>\n\n\n\t\t\t\t<div id=\"map_ol3js_1\" class=\"map undefined\" data-map_name=\"undefined\" data-map=\"map_ol3js_1\" style=\"width:95%; height:450px; overflow:hidden;border:thin solid orange;\" >\n\t\t\t\t  <div id=\"map_ol3js_1_popup\" class=\"ol-popup\" >\n\t\t\t\t\t<a href=\"#\" id=\"map_ol3js_1_popup-closer\" class=\"ol-popup-closer\"><\/a>\n\t\t\t\t\t<div id=\"map_ol3js_1_popup-content\" ><\/div>\n\t\t\t\t  <\/div>\n\t\t\t\t<\/div>\n\t\t\t\n\t\t\t\t<link rel=\"stylesheet\" href=\"http:\/\/meumon.synology.me\/museu\/wp-content\/plugins\/osm\/js\/OL\/6.4.3\/ol.css\" type=\"text\/css\">\n\t\t\t\t<link rel=\"stylesheet\" href=\"http:\/\/meumon.synology.me\/museu\/wp-content\/plugins\/osm\/css\/osm_map_v3.css\" type=\"text\/css\">\n\t\t\t\t<link rel=\"stylesheet\" href=\"http:\/\/meumon.synology.me\/museu\/wp-content\/plugins\/osm\/css\/osm_map.css\" type=\"text\/css\">\n\t\t\t\t<!-- The line below is only needed for old environments like Internet Explorer and Android 4.x -->\n                                <script src=\"http:\/\/meumon.synology.me\/museu\/wp-content\/plugins\/osm\/js\/polyfill\/v2\/polyfill.min.js?features=requestAnimationFrame,Element.prototype.classList,URL\"><\/script>\n\n\t\t\t\t<script src=\"http:\/\/meumon.synology.me\/museu\/wp-content\/plugins\/osm\/js\/OL\/6.4.3\/ol.js\" type=\"text\/javascript\"><\/script>\n\t\t\t\t<script src=\"http:\/\/meumon.synology.me\/museu\/wp-content\/plugins\/osm\/js\/osm-v3-plugin-lib.js\" type=\"text\/javascript\"><\/script>\n\t\t\t\t<script src=\"http:\/\/meumon.synology.me\/museu\/wp-content\/plugins\/osm\/js\/osm-metabox-events.js\" type=\"text\/javascript\"><\/script>\n\t\t\t\t<script src=\"http:\/\/meumon.synology.me\/museu\/wp-content\/plugins\/osm\/js\/osm-startup-lib.js\" type=\"text\/javascript\"><\/script>\n\t\t\t\t<script type=\"text\/javascript\">\n\t\t\t\t\ttranslations['openlayer'] = \"open layer\";\n\t\t\t\t\ttranslations['openlayerAtStartup'] = \"open layer at startup\";\n\t\t\t\t\ttranslations['generateLink'] = \"link to this map with opened layers\";\n\t\t\t\t\ttranslations['shortDescription'] = \"short description\";\n\t\t\t\t\ttranslations['generatedShortCode'] = \"to get a text control link paste this code in your wordpress editor\";\n\t\t\t\t\ttranslations['closeLayer'] = \"close layer\";\n\t\t\t\t\ttranslations['cantGenerateLink'] = \"put this string in the existing map short code to control this map\";\n\t\t\t\t<\/script>\n\n\t\t\t  <script type=\"text\/javascript\">vectorM['map_ol3js_1'] = [];\n\n\tvar attribution = new ol.control.Attribution({\n        collapsible: false\n      });\n\n\n      \n      var raster = new ol.layer.Tile({\n        source: new ol.source.OSM({ }),\n        zIndex: 90\n      });\n      var Controls = ol.control.defaults({ attribution: false }).extend([\n          attribution\n      ]); \n\t\t\t  map_ol3js_1 = new ol.Map({\n\t\tcontrols: Controls,\n\t\t\n\t\t\t\tinteractions: ol.interaction.defaults({mouseWheelZoom:false}),\n\t\t\t\tlayers: [raster],\n\t\t\t\ttarget: \"map_ol3js_1\",\n\t\t\t\tview: new ol.View({\n\t\t\t\t  center: ol.proj.transform([4.95,52.43], \"EPSG:4326\", \"EPSG:3857\"),\n\t\t\t\t  zoom: 9\n\t\t\t\t})\n\t\t\t  });\n\t\t\t  \n    var style0 = {\n      \"Point\": [new ol.style.Style({\n\n          image: new ol.style.Icon({\n            anchor: [0.5, 41],\n            anchorXUnits: \"fraction\",\n            anchorYUnits: \"pixels\",\n            opacity: 0.75,\n            src: \"http:\/\/meumon.synology.me\/museu\/wp-content\/plugins\/osm\/icons\/mic_blue_pinother_02.png\"\n          })\n      })],\n\n      \"LineString\": [new ol.style.Style({\n        stroke: new ol.style.Stroke({\n          color: \"blue\",\n          width: 8\n        })\n      })],\n      \"MultiLineString\": [new ol.style.Style({\n        stroke: new ol.style.Stroke({\n          color: \"blue\",\n          width: 4\n        })\n      })]\n    };\n\t\t  vectorL0 = new ol.layer.Vector({\n\n\t\t\tsource: new ol.source.Vector({\n\t\t  url:\"http:\/\/meumon.synology.me\/museu\/fonsimatges\/mapes\/1985viatges.kml\",\n\t\t\t  format: new ol.format.KML({ showPointNames: false})\n\t\t\t}),\n         zIndex: 92\n\t\t  });map_ol3js_1.addLayer(vectorL0);\n\t\t  var osm_controls = [\n\t\t\tnew ol.control.Attribution(),\n\t\t\tnew ol.control.MousePosition({\n\t\t\t  undefinedHTML: \"outside\",\n\t\t\t  projection: \"EPSG:4326\",\n\t\t\t  coordinateFormat: function(coordinate) {\n\t\t\t\t return ol.coordinate.format(coordinate, \"{y}, {x}\", 5);\n\t\t\t  }\n\t\t\t}),\n\t\t\tnew ol.control.OverviewMap({\n\t\t\t  collapsed: false\n\t\t\t}),\n\t\t\tnew ol.control.Rotate({\n\t\t\t  autoHide: false\n\t\t\t}),\n\t\t\tnew ol.control.ScaleLine(),\n\t\t\tnew ol.control.Zoom(),\n\t\t\tnew ol.control.ZoomSlider(),\n\t\t\tnew ol.control.ZoomToExtent({\n      extent: [-11243808.051695308, 1.202710291, 9561377.290892059, 6852382.107835932]\n    }),\n\t\t\tnew ol.control.FullScreen()\n\t\t  ]; \nosm_addPopupClickhandler(map_ol3js_1,  \"map_ol3js_1\"); \nosm_addMouseHover(map_ol3js_1); <\/script>\n","protected":false},"excerpt":{"rendered":"<p>1982 |\u00a0 1983\u00a0 |\u00a0 1984\u00a0 |\u00a0 1985\u00a0 |\u00a0 1986\u00a0 |\u00a0 \u00a01987\u00a0 |\u00a0 \u00a01988\u00a0 | 1989\u00a0 |\u00a0 1990\u00a0 |\u00a0 1991\u00a0 1992\u00a0 |\u00a0 1993\u00a0 |\u00a0 1994\u00a0 |\u00a0 1995\u00a0 |\u00a0 1996\u00a0 |\u00a0 1997\u00a0 |\u00a0\u00a01998\u00a0 | 1999\u00a0 |\u00a0\u00a02000 \u2013 2015\u00a0\u00a0 \u00a0| \u00a02016 \u2013 2027 Mikha\u00efl Gorbatxov arriba al poder a la URSS, iniciant les reformes de la &#8220;Perestroika&#8221; i &hellip; <\/p>\n<p class=\"link-more\"><a href=\"http:\/\/meumon.synology.me\/museu\/any-1985\/\" class=\"more-link\">Continue reading<span class=\"screen-reader-text\"> &#8220;Any 1985&#8221;<\/span><\/a><\/p>\n","protected":false},"author":1,"featured_media":0,"comment_status":"closed","ping_status":"closed","sticky":false,"template":"","format":"standard","meta":{"footnotes":""},"categories":[55],"tags":[156],"anotacio":[],"civilitzacio":[],"spec":[],"aspecies":[],"Tema poesia":[],"_links":{"self":[{"href":"http:\/\/meumon.synology.me\/museu\/wp-json\/wp\/v2\/posts\/3692"}],"collection":[{"href":"http:\/\/meumon.synology.me\/museu\/wp-json\/wp\/v2\/posts"}],"about":[{"href":"http:\/\/meumon.synology.me\/museu\/wp-json\/wp\/v2\/types\/post"}],"author":[{"embeddable":true,"href":"http:\/\/meumon.synology.me\/museu\/wp-json\/wp\/v2\/users\/1"}],"replies":[{"embeddable":true,"href":"http:\/\/meumon.synology.me\/museu\/wp-json\/wp\/v2\/comments?post=3692"}],"version-history":[{"count":0,"href":"http:\/\/meumon.synology.me\/museu\/wp-json\/wp\/v2\/posts\/3692\/revisions"}],"wp:attachment":[{"href":"http:\/\/meumon.synology.me\/museu\/wp-json\/wp\/v2\/media?parent=3692"}],"wp:term":[{"taxonomy":"category","embeddable":true,"href":"http:\/\/meumon.synology.me\/museu\/wp-json\/wp\/v2\/categories?post=3692"},{"taxonomy":"post_tag","embeddable":true,"href":"http:\/\/meumon.synology.me\/museu\/wp-json\/wp\/v2\/tags?post=3692"},{"taxonomy":"anotacio","embeddable":true,"href":"http:\/\/meumon.synology.me\/museu\/wp-json\/wp\/v2\/anotacio?post=3692"},{"taxonomy":"civilitzacio","embeddable":true,"href":"http:\/\/meumon.synology.me\/museu\/wp-json\/wp\/v2\/civilitzacio?post=3692"},{"taxonomy":"spec","embeddable":true,"href":"http:\/\/meumon.synology.me\/museu\/wp-json\/wp\/v2\/spec?post=3692"},{"taxonomy":"aspecies","embeddable":true,"href":"http:\/\/meumon.synology.me\/museu\/wp-json\/wp\/v2\/aspecies?post=3692"},{"taxonomy":"Tema poesia","embeddable":true,"href":"http:\/\/meumon.synology.me\/museu\/wp-json\/wp\/v2\/Tema poesia?post=3692"}],"curies":[{"name":"wp","href":"https:\/\/api.w.org\/{rel}","templated":true}]}}